{"id":22299,"date":"2025-03-02T20:27:03","date_gmt":"2025-03-02T23:27:03","guid":{"rendered":"https:\/\/superinteressantes.com.br\/index.php\/2025\/03\/02\/galeria-de-fotos-confira-imagens-do-segundo-dia-de-desfiles-das-escolas-da-serie-ouro-prefeitura-da-cidade-do-rio-de-janeiro\/"},"modified":"2025-03-02T20:27:03","modified_gmt":"2025-03-02T23:27:03","slug":"galeria-de-fotos-confira-imagens-do-segundo-dia-de-desfiles-das-escolas-da-serie-ouro-prefeitura-da-cidade-do-rio-de-janeiro","status":"publish","type":"post","link":"https:\/\/superinteressantes.com.br\/index.php\/2025\/03\/02\/galeria-de-fotos-confira-imagens-do-segundo-dia-de-desfiles-das-escolas-da-serie-ouro-prefeitura-da-cidade-do-rio-de-janeiro\/","title":{"rendered":"Galeria de fotos: confira imagens do segundo dia de desfiles das escolas da S\u00e9rie Ouro &#8211; Prefeitura da Cidade do Rio de Janeiro"},"content":{"rendered":"<p><\/p>\n<div id=\"main\">\n<div class=\"wrapper-breadcrumbs\" wp_automatic_readability=\"11.59437250996\">\n<div class=\"image-post\" wp_automatic_readability=\"33\">\n                     Segundo e \u00faltimo dia de desfiles das Escolas de Samba da S\u00e9rie Ouro, &#8211; Marcelo Martins | Riotur                  <\/div>\n<p>Conferia uma galeria de fotos do segundo dia de desfile das escolas de samba da S\u00e9rie Ouro no Samb\u00f3dromo. Marcaram presen\u00e7a Tradi\u00e7\u00e3o, Uni\u00e3o do Parque Acari, Acad\u00eamicos de Vig\u00e1rio Geral, Unidos de Bangu, Porto da Pedra, S\u00e3o Clemente, Acad\u00eamicos de Niter\u00f3i e Imp\u00e9rio Serrano.<\/p>\n<figure id=\"attachment_112791\" aria-describedby=\"caption-attachment-112791\" style=\"width: 520px\" class=\"wp-caption alignnone\"><figcaption id=\"caption-attachment-112791\" class=\"wp-caption-text\">Tradi\u00e7\u00e3o \u2013 Alexandre Loureiro | Riotur<\/figcaption><\/figure>\n<p>\u00a0<\/p>\n<figure id=\"attachment_112792\" aria-describedby=\"caption-attachment-112792\" style=\"width: 521px\" class=\"wp-caption alignnone\"><figcaption id=\"caption-attachment-112792\" class=\"wp-caption-text\">Tradi\u00e7\u00e3o \u2013 Alexandre Loureiro | Riotur<\/figcaption><\/figure>\n<p>\u00a0<\/p>\n<figure id=\"attachment_112793\" aria-describedby=\"caption-attachment-112793\" style=\"width: 519px\" class=\"wp-caption alignnone\"><figcaption id=\"caption-attachment-112793\" class=\"wp-caption-text\">Uni\u00e3o do Parque Acari \u2013 Alexandre Loureiro | Riotur<\/figcaption><\/figure>\n<p>\u00a0<\/p>\n<figure id=\"attachment_112794\" aria-describedby=\"caption-attachment-112794\" style=\"width: 519px\" class=\"wp-caption alignnone\"><figcaption id=\"caption-attachment-112794\" class=\"wp-caption-text\">Uni\u00e3o do Parque Acari \u2013 Alexandre Loureiro | Riotur<\/figcaption><\/figure>\n<p>\u00a0<\/p>\n<figure id=\"attachment_112795\" aria-describedby=\"caption-attachment-112795\" style=\"width: 522px\" class=\"wp-caption alignnone\"><figcaption id=\"caption-attachment-112795\" class=\"wp-caption-text\">Acad\u00eamicos do Vig\u00e1rio Geral \u2013 Alexandre Loureiro | Riotur<\/figcaption><\/figure>\n<p>\u00a0<\/p>\n<figure id=\"attachment_112796\" aria-describedby=\"caption-attachment-112796\" style=\"width: 521px\" class=\"wp-caption alignnone\"><figcaption id=\"caption-attachment-112796\" class=\"wp-caption-text\">Acad\u00eamicos do Vig\u00e1rio Geral \u2013 Alexandre Loureiro | Riotur<\/figcaption><\/figure>\n<p>\u00a0<\/p>\n<figure id=\"attachment_112798\" aria-describedby=\"caption-attachment-112798\" style=\"width: 521px\" class=\"wp-caption alignnone\"><figcaption id=\"caption-attachment-112798\" class=\"wp-caption-text\">Unidos de Bangu \u2013 Marcelo Martins | Riotur<\/figcaption><\/figure>\n<p>\u00a0<\/p>\n<figure id=\"attachment_112799\" aria-describedby=\"caption-attachment-112799\" style=\"width: 521px\" class=\"wp-caption alignnone\"><figcaption id=\"caption-attachment-112799\" class=\"wp-caption-text\">Unidos de Bangu \u2013 Marcelo Martins | Riotur<\/figcaption><\/figure>\n<p>\u00a0<\/p>\n<figure id=\"attachment_112801\" aria-describedby=\"caption-attachment-112801\" style=\"width: 521px\" class=\"wp-caption alignnone\"><figcaption id=\"caption-attachment-112801\" class=\"wp-caption-text\">Porto da Pedra \u2013 Marcelo Martins | Riotur<\/figcaption><\/figure>\n<p>\u00a0<\/p>\n<figure id=\"attachment_112802\" aria-describedby=\"caption-attachment-112802\" style=\"width: 519px\" class=\"wp-caption alignnone\"><figcaption id=\"caption-attachment-112802\" class=\"wp-caption-text\">Porto da Pedra \u2013 Marcelo Martins | Riotur<\/figcaption><\/figure>\n<p>\u00a0<\/p>\n<figure id=\"attachment_112803\" aria-describedby=\"caption-attachment-112803\" style=\"width: 521px\" class=\"wp-caption alignnone\"><figcaption id=\"caption-attachment-112803\" class=\"wp-caption-text\">S\u00e3o Clemente \u2013 Alexandre Loureiro | Riotur<\/figcaption><\/figure>\n<p>\u00a0<\/p>\n<figure id=\"attachment_112804\" aria-describedby=\"caption-attachment-112804\" style=\"width: 521px\" class=\"wp-caption alignnone\"><figcaption id=\"caption-attachment-112804\" class=\"wp-caption-text\">S\u00e3o Clemente \u2013 Marcelo Martins | Riotur<\/figcaption><\/figure>\n<p>\u00a0<\/p>\n<figure id=\"attachment_112805\" aria-describedby=\"caption-attachment-112805\" style=\"width: 521px\" class=\"wp-caption alignnone\"><figcaption id=\"caption-attachment-112805\" class=\"wp-caption-text\">Acad\u00eamicos de Niter\u00f3i \u2013 Alexandre Loureiro | Riotur<\/figcaption><\/figure>\n<p>\u00a0<\/p>\n<figure id=\"attachment_112806\" aria-describedby=\"caption-attachment-112806\" style=\"width: 521px\" class=\"wp-caption alignnone\"><figcaption id=\"caption-attachment-112806\" class=\"wp-caption-text\">Acad\u00eamicos de Niter\u00f3i \u2013 Alexandre Loureiro | Riotur<\/figcaption><\/figure>\n<p>\u00a0<\/p>\n<figure id=\"attachment_112808\" aria-describedby=\"caption-attachment-112808\" style=\"width: 521px\" class=\"wp-caption alignnone\"><figcaption id=\"caption-attachment-112808\" class=\"wp-caption-text\">Imp\u00e9rio Serrano \u2013 Alexandre Loureiro | Riotur<\/figcaption><\/figure>\n<p>\u00a0<\/p>\n<figure id=\"attachment_112809\" aria-describedby=\"caption-attachment-112809\" style=\"width: 521px\" class=\"wp-caption alignnone\"><figcaption id=\"caption-attachment-112809\" class=\"wp-caption-text\">Imp\u00e9rio Serrano \u2013 Alexandre Loureiro | Riotur<\/figcaption><\/figure>\n<p>\u00a0<\/p>\n<p>             <!-- Compartilhe ---><\/p>\n<p>\t\t\t <!-- TAGS --><\/p>\n<section class=\"category-tags\">\n<div class=\"marcacao-category\">\n<article class=\"category-post\">\n<p>Categoria: <\/p>\n<\/article>\n<li>2 de mar\u00e7o de 2025<\/li><\/div>\n<article class=\"tags\">\n\t\t\t\t\tMarca\u00e7\u00f5es: Carnaval 2025 desfiles fotos Prefeitura do Rio Riotur Samb\u00f3dromo S\u00e9rie Ouro<br \/><\/article>\n<\/section>\n<p>            <!-- Mais Not&iacute;cias --><\/p>\n<p>\t\t<!-- Conte&uacute;do SIDEBAR --><\/p><\/div>\n<\/p><\/div>\n","protected":false},"excerpt":{"rendered":"<p>Segundo e \u00faltimo dia de desfiles das Escolas de Samba da S\u00e9rie Ouro, &#8211; Marcelo Martins | Riotur Conferia uma galeria de fotos do segundo dia de desfile das escolas de samba da S\u00e9rie Ouro no Samb\u00f3dromo. Marcaram presen\u00e7a Tradi\u00e7\u00e3o, Uni\u00e3o do Parque Acari, Acad\u00eamicos de Vig\u00e1rio Geral, Unidos de Bangu, Porto da Pedra, S\u00e3o &#8230; <a title=\"Galeria de fotos: confira imagens do segundo dia de desfiles das escolas da S\u00e9rie Ouro &#8211; Prefeitura da Cidade do Rio de Janeiro\" class=\"read-more\" href=\"https:\/\/superinteressantes.com.br\/index.php\/2025\/03\/02\/galeria-de-fotos-confira-imagens-do-segundo-dia-de-desfiles-das-escolas-da-serie-ouro-prefeitura-da-cidade-do-rio-de-janeiro\/\" aria-label=\"More on Galeria de fotos: confira imagens do segundo dia de desfiles das escolas da S\u00e9rie Ouro &#8211; Prefeitura da Cidade do Rio de Janeiro\">Ler mais<\/a><\/p>\n","protected":false},"author":1,"featured_media":0,"comment_status":"","ping_status":"","sticky":false,"template":"","format":"standard","meta":{"footnotes":""},"categories":[1],"tags":[],"class_list":["post-22299","post","type-post","status-publish","format-standard","hentry","category-sem-categoria"],"amp_enabled":true,"_links":{"self":[{"href":"https:\/\/superinteressantes.com.br\/index.php\/wp-json\/wp\/v2\/posts\/22299","targetHints":{"allow":["GET"]}}],"collection":[{"href":"https:\/\/superinteressantes.com.br\/index.php\/wp-json\/wp\/v2\/posts"}],"about":[{"href":"https:\/\/superinteressantes.com.br\/index.php\/wp-json\/wp\/v2\/types\/post"}],"author":[{"embeddable":true,"href":"https:\/\/superinteressantes.com.br\/index.php\/wp-json\/wp\/v2\/users\/1"}],"replies":[{"embeddable":true,"href":"https:\/\/superinteressantes.com.br\/index.php\/wp-json\/wp\/v2\/comments?post=22299"}],"version-history":[{"count":0,"href":"https:\/\/superinteressantes.com.br\/index.php\/wp-json\/wp\/v2\/posts\/22299\/revisions"}],"wp:attachment":[{"href":"https:\/\/superinteressantes.com.br\/index.php\/wp-json\/wp\/v2\/media?parent=22299"}],"wp:term":[{"taxonomy":"category","embeddable":true,"href":"https:\/\/superinteressantes.com.br\/index.php\/wp-json\/wp\/v2\/categories?post=22299"},{"taxonomy":"post_tag","embeddable":true,"href":"https:\/\/superinteressantes.com.br\/index.php\/wp-json\/wp\/v2\/tags?post=22299"}],"curies":[{"name":"wp","href":"https:\/\/api.w.org\/{rel}","templated":true}]}}