{"id":22297,"date":"2025-03-02T19:39:40","date_gmt":"2025-03-02T22:39:40","guid":{"rendered":"https:\/\/superinteressantes.com.br\/index.php\/2025\/03\/02\/prefeitura-de-sorocaba-renova-convenio-no-valor-de-r-138-milhoes-com-a-fundec-agencia-de-noticias\/"},"modified":"2025-03-02T19:39:40","modified_gmt":"2025-03-02T22:39:40","slug":"prefeitura-de-sorocaba-renova-convenio-no-valor-de-r-138-milhoes-com-a-fundec-agencia-de-noticias","status":"publish","type":"post","link":"https:\/\/superinteressantes.com.br\/index.php\/2025\/03\/02\/prefeitura-de-sorocaba-renova-convenio-no-valor-de-r-138-milhoes-com-a-fundec-agencia-de-noticias\/","title":{"rendered":"Prefeitura de Sorocaba renova conv\u00eanio no valor de R$ 13,8 milh\u00f5es com a Fundec \u2013 Ag\u00eancia de Not\u00edcias"},"content":{"rendered":"<p><\/p>\n<div wp_automatic_readability=\"31\">\n<div class=\"col\" wp_automatic_readability=\"7\">\n<p class=\"mt-0\">\n                        <strong><br \/>\n                            <span class=\"far fa-calendar mr-1 mt-2\"\/><br \/>\n                            2 de mar\u00e7o de 2025<br \/>\n                            <span class=\"far fa-clock ml-3 mt-2\"\/><br \/>\n                            16:45<br \/>\n                        <\/strong>\n                    <\/p>\n<p class=\"mb-0\">Por: <strong>Secom<\/strong><\/p>\n<\/p><\/div>\n<\/p><\/div>\n<div wp_automatic_readability=\"120\">\n<p>A Prefeitura de Sorocaba, por meio da Secretaria de Cultura (Secult), firmou, neste domingo (2), o termo de colabora\u00e7\u00e3o com a Fundec (Funda\u00e7\u00e3o de Desenvolvimento Cultural de Sorocaba), no valor total de R$ 13,8 milh\u00f5es pelo per\u00edodo de cinco anos, para o gerenciamento do Instituto Municipal de M\u00fasica de Sorocaba (IMMS) e da Orquestra Sinf\u00f4nica de Sorocaba (OSS), uma das mais importantes do Estado de S\u00e3o Paulo, em conson\u00e2ncia com a Lei Federal n\u00ba 13.019\/2014.<\/p>\n<p>O ato ocorreu no sexto andar do Pa\u00e7o Municipal, com a presen\u00e7a do prefeito Rodrigo Manga, dos secret\u00e1rios municipais de Cultura, Luiz Antonio Zamuner, de Governo, Samyra Toledo, e de Rela\u00e7\u00f5es Institucionais e Metropolitana (Serim), Luiz Henrique Galv\u00e3o, do controlador-geral de Sorocaba, Carlos Alberto de Lima Rocco Junior, e do auditor-geral do Munic\u00edpio, Leonardo Domingues Nascimento,\u00a0al\u00e9m de representantes da diretoria da Funda\u00e7\u00e3o, o presidente Gustavo Almeida e Dias de Souza, o vice-presidente Ant\u00f4nio Carlos Sampaio e o diretor t\u00e9cnico Edson Rodrigues Dias. \u201cAssinamos conv\u00eanio com a Fundec por mais cinco anos, com aumento do valor do repasse. Parab\u00e9ns a todos pelo empenho. Superamos os desafios burocr\u00e1ticos e quem ganha com isso \u00e9 a popula\u00e7\u00e3o, os alunos e a Cultura de Sorocaba\u201d, destaca o prefeito Rodrigo Manga.<\/p>\n<p>As tratativas de renova\u00e7\u00e3o tiveram in\u00edcio no \u00faltimo trimestre de 2024. O contrato anterior com a Fundec tinha o valor mensal de R$ 196.433,13 e foi finalizado em dezembro do ano passado. O novo conv\u00eanio tem o valor mensal de R$ 230 mil.<\/p>\n<p>Fundada em 1992, a Fundec \u00e9 uma entidade civil de direito privado, sem fins lucrativos, que atua na difus\u00e3o cultural e na forma\u00e7\u00e3o art\u00edstica em Sorocaba, e conta com a parceria da Prefeitura de Sorocaba, por meio da Secretaria de Cultura.<\/p>\n<p>A Fundec \u00e9 a \u201ccasa\u201d da Orquestra Sinf\u00f4nica de Sorocaba e administra tamb\u00e9m o Instituto Municipal de M\u00fasica de Sorocaba, que oferece diversos cursos, entre instrumentos, corais e artes c\u00eanicas, e atende centenas de alunos, com o objetivo de formar profissionais aptos a desempenharem suas atividades art\u00edsticas nas melhores salas de espet\u00e1culos ou seguir carreira acad\u00eamica em renomadas institui\u00e7\u00f5es. Abriga, tamb\u00e9m, a Sala Fundec, importante espa\u00e7o para apresenta\u00e7\u00f5es.<\/p>\n<p>Institu\u00edda como Patrim\u00f4nio Cultural Imaterial da Cidade, a Orquestra Sinf\u00f4nica de Sorocaba completa, em 2025, 76 anos de exist\u00eancia e \u00e9 motivo de orgulho para a cidade, desenvolvendo um importante trabalho de difus\u00e3o da m\u00fasica cl\u00e1ssica para a popula\u00e7\u00e3o sorocabana e da regi\u00e3o.<\/p>\n<p>Atualmente, tem como diretor art\u00edstico e regente titular o maestro Eduardo Pereira e realiza concertos regulares na cidade de Sorocaba e regi\u00e3o, recebendo anualmente solistas e maestros convidados nacionais e internacionais, al\u00e9m de parcerias com importantes institui\u00e7\u00f5es culturais, como a Funda\u00e7\u00e3o OSESP, que permite levar a cultura sorocabana para grandes palcos como a Sala S\u00e3o Paulo, o Festival Internacional de Inverno de Campos do Jord\u00e3o, entre outros.<\/p>\n<p>Em 2023, a OSS participou das grava\u00e7\u00f5es do primeiro filme da Brasil Paralelo, \u201cOficina do Diabo\u201d, levando o nome de Sorocaba para todo o Brasil e o mundo, nas telas dos cinemas.<\/p>\n<p><!-- Root element of PhotoSwipe. Must have class pswp. --><\/p>\n<p>\u00a0<\/p>\n<\/p><\/div>\n","protected":false},"excerpt":{"rendered":"<p>2 de mar\u00e7o de 2025 16:45 Por: Secom A Prefeitura de Sorocaba, por meio da Secretaria de Cultura (Secult), firmou, neste domingo (2), o termo de colabora\u00e7\u00e3o com a Fundec (Funda\u00e7\u00e3o de Desenvolvimento Cultural de Sorocaba), no valor total de R$ 13,8 milh\u00f5es pelo per\u00edodo de cinco anos, para o gerenciamento do Instituto Municipal de &#8230; <a title=\"Prefeitura de Sorocaba renova conv\u00eanio no valor de R$ 13,8 milh\u00f5es com a Fundec \u2013 Ag\u00eancia de Not\u00edcias\" class=\"read-more\" href=\"https:\/\/superinteressantes.com.br\/index.php\/2025\/03\/02\/prefeitura-de-sorocaba-renova-convenio-no-valor-de-r-138-milhoes-com-a-fundec-agencia-de-noticias\/\" aria-label=\"More on Prefeitura de Sorocaba renova conv\u00eanio no valor de R$ 13,8 milh\u00f5es com a Fundec \u2013 Ag\u00eancia de Not\u00edcias\">Ler mais<\/a><\/p>\n","protected":false},"author":1,"featured_media":0,"comment_status":"","ping_status":"","sticky":false,"template":"","format":"standard","meta":{"footnotes":""},"categories":[1],"tags":[],"class_list":["post-22297","post","type-post","status-publish","format-standard","hentry","category-sem-categoria"],"amp_enabled":true,"_links":{"self":[{"href":"https:\/\/superinteressantes.com.br\/index.php\/wp-json\/wp\/v2\/posts\/22297","targetHints":{"allow":["GET"]}}],"collection":[{"href":"https:\/\/superinteressantes.com.br\/index.php\/wp-json\/wp\/v2\/posts"}],"about":[{"href":"https:\/\/superinteressantes.com.br\/index.php\/wp-json\/wp\/v2\/types\/post"}],"author":[{"embeddable":true,"href":"https:\/\/superinteressantes.com.br\/index.php\/wp-json\/wp\/v2\/users\/1"}],"replies":[{"embeddable":true,"href":"https:\/\/superinteressantes.com.br\/index.php\/wp-json\/wp\/v2\/comments?post=22297"}],"version-history":[{"count":0,"href":"https:\/\/superinteressantes.com.br\/index.php\/wp-json\/wp\/v2\/posts\/22297\/revisions"}],"wp:attachment":[{"href":"https:\/\/superinteressantes.com.br\/index.php\/wp-json\/wp\/v2\/media?parent=22297"}],"wp:term":[{"taxonomy":"category","embeddable":true,"href":"https:\/\/superinteressantes.com.br\/index.php\/wp-json\/wp\/v2\/categories?post=22297"},{"taxonomy":"post_tag","embeddable":true,"href":"https:\/\/superinteressantes.com.br\/index.php\/wp-json\/wp\/v2\/tags?post=22297"}],"curies":[{"name":"wp","href":"https:\/\/api.w.org\/{rel}","templated":true}]}}