{"id":22289,"date":"2025-03-02T15:44:48","date_gmt":"2025-03-02T18:44:48","guid":{"rendered":"https:\/\/superinteressantes.com.br\/index.php\/2025\/03\/02\/gcm-atende-chamado-com-rapidez-e-evita-agressao-de-vitima-com-medida-protetiva-agencia-de-noticias\/"},"modified":"2025-03-02T15:44:48","modified_gmt":"2025-03-02T18:44:48","slug":"gcm-atende-chamado-com-rapidez-e-evita-agressao-de-vitima-com-medida-protetiva-agencia-de-noticias","status":"publish","type":"post","link":"https:\/\/superinteressantes.com.br\/index.php\/2025\/03\/02\/gcm-atende-chamado-com-rapidez-e-evita-agressao-de-vitima-com-medida-protetiva-agencia-de-noticias\/","title":{"rendered":"GCM atende chamado com rapidez e evita agress\u00e3o de v\u00edtima com medida protetiva \u2013 Ag\u00eancia de Not\u00edcias"},"content":{"rendered":"<p><\/p>\n<div>\n<div class=\"col\">\n<p class=\"mt-0\">\n                        <strong><br \/>\n                            <span class=\"far fa-calendar mr-1 mt-2\"\/><br \/>\n                            2 de mar\u00e7o de 2025<br \/>\n                            <span class=\"far fa-clock ml-3 mt-2\"\/><br \/>\n                            12:29<br \/>\n                        <\/strong>\n                    <\/p>\n<p class=\"mb-0\">Por: <strong>Secom<\/strong><\/p>\n<\/p><\/div>\n<\/p><\/div>\n<div>\n<p>Uma equipe da Guarda Municipal Metropolitana atendeu, na tarde deste s\u00e1bado (1), a um chamado do Centro de Opera\u00e7\u00f5es Especiais e Intelig\u00eancia (COEI), ap\u00f3s acionamento de dispositivo semelhante a bot\u00e3o do p\u00e2nico, por parte de uma senhora, de 59 anos, que tinha medida protetiva contra seu sobrinho.<\/p>\n<p>Dependente qu\u00edmico, o homem, de 40 anos, havia fugido h\u00e1 poucos dias de uma cl\u00ednica de reabilita\u00e7\u00e3o e, de volta \u00e0 resid\u00eancia, na regi\u00e3o da Vila Gomes, nesse dia mostrou-se agressivo e fez amea\u00e7as contra a familiar, ap\u00f3s consumir entorpecentes e \u00e1lcool.<\/p>\n<p>Temendo as agress\u00f5es, a senhora acionou o dispositivo de emerg\u00eancia e, em decorr\u00eancia disso, teve o celular quebrado pelo sobrinho.<\/p>\n<p>Logo a guarni\u00e7\u00e3o da GCM chegou, para atender o caso, a tempo de encontrar o agressor bastante alterado, pelo uso das subst\u00e2ncias. Foi necess\u00e1rio o uso de algemas para cont\u00ea-lo.<\/p>\n<p>Ambos foram levados para a Delegacia da Mulher, onde o homem detido foi informado e orientado a respeito dos termos da medida protetiva. Na sequ\u00eancia, ele foi liberado.<\/p>\n<\/p><\/div>\n","protected":false},"excerpt":{"rendered":"<p>2 de mar\u00e7o de 2025 12:29 Por: Secom Uma equipe da Guarda Municipal Metropolitana atendeu, na tarde deste s\u00e1bado (1), a um chamado do Centro de Opera\u00e7\u00f5es Especiais e Intelig\u00eancia (COEI), ap\u00f3s acionamento de dispositivo semelhante a bot\u00e3o do p\u00e2nico, por parte de uma senhora, de 59 anos, que tinha medida protetiva contra seu sobrinho. &#8230; <a title=\"GCM atende chamado com rapidez e evita agress\u00e3o de v\u00edtima com medida protetiva \u2013 Ag\u00eancia de Not\u00edcias\" class=\"read-more\" href=\"https:\/\/superinteressantes.com.br\/index.php\/2025\/03\/02\/gcm-atende-chamado-com-rapidez-e-evita-agressao-de-vitima-com-medida-protetiva-agencia-de-noticias\/\" aria-label=\"More on GCM atende chamado com rapidez e evita agress\u00e3o de v\u00edtima com medida protetiva \u2013 Ag\u00eancia de Not\u00edcias\">Ler mais<\/a><\/p>\n","protected":false},"author":1,"featured_media":0,"comment_status":"","ping_status":"","sticky":false,"template":"","format":"standard","meta":{"footnotes":""},"categories":[1],"tags":[],"class_list":["post-22289","post","type-post","status-publish","format-standard","hentry","category-sem-categoria"],"amp_enabled":true,"_links":{"self":[{"href":"https:\/\/superinteressantes.com.br\/index.php\/wp-json\/wp\/v2\/posts\/22289","targetHints":{"allow":["GET"]}}],"collection":[{"href":"https:\/\/superinteressantes.com.br\/index.php\/wp-json\/wp\/v2\/posts"}],"about":[{"href":"https:\/\/superinteressantes.com.br\/index.php\/wp-json\/wp\/v2\/types\/post"}],"author":[{"embeddable":true,"href":"https:\/\/superinteressantes.com.br\/index.php\/wp-json\/wp\/v2\/users\/1"}],"replies":[{"embeddable":true,"href":"https:\/\/superinteressantes.com.br\/index.php\/wp-json\/wp\/v2\/comments?post=22289"}],"version-history":[{"count":0,"href":"https:\/\/superinteressantes.com.br\/index.php\/wp-json\/wp\/v2\/posts\/22289\/revisions"}],"wp:attachment":[{"href":"https:\/\/superinteressantes.com.br\/index.php\/wp-json\/wp\/v2\/media?parent=22289"}],"wp:term":[{"taxonomy":"category","embeddable":true,"href":"https:\/\/superinteressantes.com.br\/index.php\/wp-json\/wp\/v2\/categories?post=22289"},{"taxonomy":"post_tag","embeddable":true,"href":"https:\/\/superinteressantes.com.br\/index.php\/wp-json\/wp\/v2\/tags?post=22289"}],"curies":[{"name":"wp","href":"https:\/\/api.w.org\/{rel}","templated":true}]}}