{"id":22104,"date":"2025-02-26T17:38:42","date_gmt":"2025-02-26T20:38:42","guid":{"rendered":"https:\/\/superinteressantes.com.br\/index.php\/2025\/02\/26\/treinamento-da-defesa-civil-com-o-corpo-de-bombeiros-tem-inicio-em-guaratingueta-prefeitura-estancia-turistica-guaratingueta\/"},"modified":"2025-02-26T17:38:42","modified_gmt":"2025-02-26T20:38:42","slug":"treinamento-da-defesa-civil-com-o-corpo-de-bombeiros-tem-inicio-em-guaratingueta-prefeitura-estancia-turistica-guaratingueta","status":"publish","type":"post","link":"https:\/\/superinteressantes.com.br\/index.php\/2025\/02\/26\/treinamento-da-defesa-civil-com-o-corpo-de-bombeiros-tem-inicio-em-guaratingueta-prefeitura-estancia-turistica-guaratingueta\/","title":{"rendered":"Treinamento da Defesa Civil com o Corpo de Bombeiros tem in\u00edcio em Guaratinguet\u00e1 \u2013 Prefeitura Est\u00e2ncia Tur\u00edstica Guaratinguet\u00e1"},"content":{"rendered":"<p><\/p>\n<div>\n<p>Nesta segunda-feira, 24, teve in\u00edcio o treinamento da Defesa Civil em parceria com o Corpo de Bombeiros de Guaratinguet\u00e1. A capacita\u00e7\u00e3o, que ter\u00e1 dura\u00e7\u00e3o de seis dias, visa aprimorar a atua\u00e7\u00e3o dos agentes em situa\u00e7\u00f5es de emerg\u00eancia.<\/p>\n<p>\u00a0<\/p>\n<p>No primeiro dia, os participantes receberam instru\u00e7\u00f5es sobre utiliza\u00e7\u00e3o e salvamento com bote, um conhecimento essencial para resgates em \u00e1reas alagadas ou situa\u00e7\u00f5es de enchentes.<\/p>\n<p>\u00a0<\/p>\n<p>Para garantir a continuidade dos atendimentos \u00e0 popula\u00e7\u00e3o, os agentes da Defesa Civil foram escalonados em diferentes dias de treinamento, permitindo que o munic\u00edpio continue recebendo suporte normalmente.<\/p>\n<p>\u00a0<\/p>\n<p>A Defesa Civil segue firme no compromisso de proteger e cuidar da cidade!\u00a0<\/p>\n<\/p><\/div>\n","protected":false},"excerpt":{"rendered":"<p>Nesta segunda-feira, 24, teve in\u00edcio o treinamento da Defesa Civil em parceria com o Corpo de Bombeiros de Guaratinguet\u00e1. A capacita\u00e7\u00e3o, que ter\u00e1 dura\u00e7\u00e3o de seis dias, visa aprimorar a atua\u00e7\u00e3o dos agentes em situa\u00e7\u00f5es de emerg\u00eancia. \u00a0 No primeiro dia, os participantes receberam instru\u00e7\u00f5es sobre utiliza\u00e7\u00e3o e salvamento com bote, um conhecimento essencial para &#8230; <a title=\"Treinamento da Defesa Civil com o Corpo de Bombeiros tem in\u00edcio em Guaratinguet\u00e1 \u2013 Prefeitura Est\u00e2ncia Tur\u00edstica Guaratinguet\u00e1\" class=\"read-more\" href=\"https:\/\/superinteressantes.com.br\/index.php\/2025\/02\/26\/treinamento-da-defesa-civil-com-o-corpo-de-bombeiros-tem-inicio-em-guaratingueta-prefeitura-estancia-turistica-guaratingueta\/\" aria-label=\"More on Treinamento da Defesa Civil com o Corpo de Bombeiros tem in\u00edcio em Guaratinguet\u00e1 \u2013 Prefeitura Est\u00e2ncia Tur\u00edstica Guaratinguet\u00e1\">Ler mais<\/a><\/p>\n","protected":false},"author":1,"featured_media":0,"comment_status":"","ping_status":"","sticky":false,"template":"","format":"standard","meta":{"footnotes":""},"categories":[1],"tags":[],"class_list":["post-22104","post","type-post","status-publish","format-standard","hentry","category-sem-categoria"],"amp_enabled":true,"_links":{"self":[{"href":"https:\/\/superinteressantes.com.br\/index.php\/wp-json\/wp\/v2\/posts\/22104","targetHints":{"allow":["GET"]}}],"collection":[{"href":"https:\/\/superinteressantes.com.br\/index.php\/wp-json\/wp\/v2\/posts"}],"about":[{"href":"https:\/\/superinteressantes.com.br\/index.php\/wp-json\/wp\/v2\/types\/post"}],"author":[{"embeddable":true,"href":"https:\/\/superinteressantes.com.br\/index.php\/wp-json\/wp\/v2\/users\/1"}],"replies":[{"embeddable":true,"href":"https:\/\/superinteressantes.com.br\/index.php\/wp-json\/wp\/v2\/comments?post=22104"}],"version-history":[{"count":0,"href":"https:\/\/superinteressantes.com.br\/index.php\/wp-json\/wp\/v2\/posts\/22104\/revisions"}],"wp:attachment":[{"href":"https:\/\/superinteressantes.com.br\/index.php\/wp-json\/wp\/v2\/media?parent=22104"}],"wp:term":[{"taxonomy":"category","embeddable":true,"href":"https:\/\/superinteressantes.com.br\/index.php\/wp-json\/wp\/v2\/categories?post=22104"},{"taxonomy":"post_tag","embeddable":true,"href":"https:\/\/superinteressantes.com.br\/index.php\/wp-json\/wp\/v2\/tags?post=22104"}],"curies":[{"name":"wp","href":"https:\/\/api.w.org\/{rel}","templated":true}]}}