{"id":17977,"date":"2024-11-03T03:40:57","date_gmt":"2024-11-03T06:40:57","guid":{"rendered":"https:\/\/superinteressantes.com.br\/index.php\/2024\/11\/03\/prefeitura-abre-264-vagas-de-estagio-de-nivel-medio-e-superior\/"},"modified":"2024-11-03T03:40:57","modified_gmt":"2024-11-03T06:40:57","slug":"prefeitura-abre-264-vagas-de-estagio-de-nivel-medio-e-superior","status":"publish","type":"post","link":"https:\/\/superinteressantes.com.br\/index.php\/2024\/11\/03\/prefeitura-abre-264-vagas-de-estagio-de-nivel-medio-e-superior\/","title":{"rendered":"Prefeitura abre 264 vagas de est\u00e1gio de n\u00edvel m\u00e9dio e superior"},"content":{"rendered":"<p><\/p>\n<div>\n<p><b>Cl\u00e1udio Ribeiro<\/b><br \/>&#13;<br \/>\n&#13;<br \/>\n                <span style=\"font-weight: bold;\">Secretaria de Gest\u00e3o Administrativa e Finan\u00e7as<\/span><\/p>\n<p><span style=\"font-weight: 400;\">Estudantes universit\u00e1rios, de escolas t\u00e9cnicas e do ensino m\u00e9dio podem se candidatar \u00e0s 264 oportunidades de est\u00e1gio lan\u00e7adas pela Prefeitura de S\u00e3o Jos\u00e9 dos Campos. \u00c9 preciso estar com o cadastro atualizado no site do Ciee (Centro de Integra\u00e7\u00e3o Empresa-Escola).<\/span><\/p>\n<p><span style=\"font-weight: 400;\">As inscri\u00e7\u00f5es devem ser feitas somente pelo <\/span><span style=\"font-weight: 400;\">portal do Ciee<\/span><span style=\"font-weight: 400;\"> a partir de quarta-feira (6) at\u00e9 o dia 13, \u00e0s 12h. Na mesma p\u00e1gina \u00e9 poss\u00edvel consultar o edital do processo seletivo. Assim que se inscrever, o interessado estar\u00e1 apto a iniciar a prova online, que deve ser realizada no mesmo per\u00edodo.<\/span><\/p>\n<p><span style=\"font-weight: 400;\">A publica\u00e7\u00e3o da lista de classifica\u00e7\u00e3o definitiva, do gabarito e das respostas aos recursos ocorrer\u00e1 no dia 10 de janeiro. Os aprovados ser\u00e3o chamados conforme a disponibilidade de vagas.<\/span><\/p>\n<p><span style=\"font-weight: 400;\">Com jornada de 4 ou 6 horas, s\u00e3o 232 vagas destinadas a estudantes de curso superior e 32 a alunos do ensino m\u00e9dio. A remunera\u00e7\u00e3o mensal varia de R$ 459,13 a R$ 991,71, conforme o n\u00edvel escolar e a carga hor\u00e1ria. Al\u00e9m da bolsa-aux\u00edlio, os estagi\u00e1rios recebem transporte e vale de alimenta\u00e7\u00e3o gratuitos.<\/span><\/p>\n<p><span class=\"intertitulo\"><strong>Cursos<\/strong><\/span><\/p>\n<p><em>Vagas dispon\u00edveis para preenchimento e cadastro de reserva conforme o n\u00edvel de escolaridade<\/em><\/p>\n<p><strong>M\u00e9dio<\/strong><\/p>\n<table border=\"0\">&#13;<\/p>\n<tbody>&#13;<\/p>\n<tr>&#13;<\/p>\n<td>&#13;<\/p>\n<p><span style=\"font-weight: 400;\">Ensino m\u00e9dio (a partir do 1\u00b0 ano)<\/span><\/p>\n<p>&#13;\n<\/td>\n<p>&#13;<\/p>\n<td>&#13;<\/p>\n<p><span style=\"font-weight: 400;\">10<\/span><\/p>\n<p>&#13;\n<\/td>\n<p>&#13;<br \/>\n<\/tr>\n<p>&#13;<\/p>\n<tr>&#13;<\/p>\n<td>&#13;<\/p>\n<p><span style=\"font-weight: 400;\">Ensino m\u00e9dio S\u00e3o Francisco Xavier (a partir do 1\u00b0 ano)<\/span><\/p>\n<p>&#13;\n<\/td>\n<p>&#13;<\/p>\n<td>&#13;<\/p>\n<p><span style=\"font-weight: 400;\">1<\/span><\/p>\n<p>&#13;\n<\/td>\n<p>&#13;<br \/>\n<\/tr>\n<p>&#13;<br \/>\n<\/tbody>\n<p>&#13;<br \/>\n<\/table>\n<p><strong>T\u00e9cnico<\/strong><\/p>\n<table border=\"0\">&#13;<\/p>\n<tbody>&#13;<\/p>\n<tr>&#13;<\/p>\n<td>&#13;<\/p>\n<p><span style=\"font-weight: 400;\">T\u00e9cnico em administra\u00e7\u00e3o (a partir do 1\u00b0 semestre)<\/span><\/p>\n<p>&#13;\n<\/td>\n<p>&#13;<\/p>\n<td>&#13;<\/p>\n<p><span style=\"font-weight: 400;\">15<\/span><\/p>\n<p>&#13;\n<\/td>\n<p>&#13;<br \/>\n<\/tr>\n<p>&#13;<\/p>\n<tr>&#13;<\/p>\n<td>&#13;<\/p>\n<p><span style=\"font-weight: 400;\">T\u00e9cnico em seguran\u00e7a do trabalho (a partir do 1\u00b0 semestre)<\/span><\/p>\n<p>&#13;\n<\/td>\n<p>&#13;<\/p>\n<td>&#13;<\/p>\n<p><span style=\"font-weight: 400;\">1<\/span><\/p>\n<p>&#13;\n<\/td>\n<p>&#13;<br \/>\n<\/tr>\n<p>&#13;<\/p>\n<tr>&#13;<\/p>\n<td>&#13;<\/p>\n<p><span style=\"font-weight: 400;\">T\u00e9cnico em inform\u00e1tica (a partir do 1\u00b0 semestre)<\/span><\/p>\n<p>&#13;\n<\/td>\n<p>&#13;<\/p>\n<td>&#13;<\/p>\n<p><span style=\"font-weight: 400;\">5<\/span><\/p>\n<p>&#13;\n<\/td>\n<p>&#13;<br \/>\n<\/tr>\n<p>&#13;<br \/>\n<\/tbody>\n<p>&#13;<br \/>\n<\/table>\n<p><strong>Superior<\/strong><\/p>\n<table border=\"0\">&#13;<\/p>\n<tbody>&#13;<\/p>\n<tr>&#13;<\/p>\n<td>&#13;<\/p>\n<p><span style=\"font-weight: 400;\">Administra\u00e7\u00e3o e afins (a partir do 1\u00b0 semestre)<\/span><\/p>\n<p>&#13;\n<\/td>\n<p>&#13;<\/p>\n<td>&#13;<\/p>\n<p><span style=\"font-weight: 400;\">50<\/span><\/p>\n<p>&#13;\n<\/td>\n<p>&#13;<br \/>\n<\/tr>\n<p>&#13;<\/p>\n<tr>&#13;<\/p>\n<td>&#13;<\/p>\n<p><span style=\"font-weight: 400;\">Arquitetura e urbanismo (a partir do 1\u00b0 semestre)<\/span><\/p>\n<p>&#13;\n<\/td>\n<p>&#13;<\/p>\n<td>&#13;<\/p>\n<p><span style=\"font-weight: 400;\">2<\/span><\/p>\n<p>&#13;\n<\/td>\n<p>&#13;<br \/>\n<\/tr>\n<p>&#13;<\/p>\n<tr>&#13;<\/p>\n<td>&#13;<\/p>\n<p><span style=\"font-weight: 400;\">Ci\u00eancias biol\u00f3gicas (a partir do 3\u00b0 semestre)<\/span><\/p>\n<p>&#13;\n<\/td>\n<p>&#13;<\/p>\n<td>&#13;<\/p>\n<p><span style=\"font-weight: 400;\">1<\/span><\/p>\n<p>&#13;\n<\/td>\n<p>&#13;<br \/>\n<\/tr>\n<p>&#13;<\/p>\n<tr>&#13;<\/p>\n<td>&#13;<\/p>\n<p><span style=\"font-weight: 400;\">Ci\u00eancias cont\u00e1beis (a partir do 1\u00b0 semestre)<\/span><\/p>\n<p>&#13;\n<\/td>\n<p>&#13;<\/p>\n<td>&#13;<\/p>\n<p><span style=\"font-weight: 400;\">5<\/span><\/p>\n<p>&#13;\n<\/td>\n<p>&#13;<br \/>\n<\/tr>\n<p>&#13;<\/p>\n<tr>&#13;<\/p>\n<td>&#13;<\/p>\n<p><span style=\"font-weight: 400;\">Direito (1\u00ba ano ao 3\u00ba ano)<\/span><\/p>\n<p>&#13;\n<\/td>\n<p>&#13;<\/p>\n<td>&#13;<\/p>\n<p><span style=\"font-weight: 400;\">20<\/span><\/p>\n<p>&#13;\n<\/td>\n<p>&#13;<br \/>\n<\/tr>\n<p>&#13;<\/p>\n<tr>&#13;<\/p>\n<td>&#13;<\/p>\n<p><span style=\"font-weight: 400;\">Direito (4\u00ba ano e 5\u00ba ano)<\/span><\/p>\n<p>&#13;\n<\/td>\n<p>&#13;<\/p>\n<td>&#13;<\/p>\n<p><span style=\"font-weight: 400;\">10<\/span><\/p>\n<p>&#13;\n<\/td>\n<p>&#13;<br \/>\n<\/tr>\n<p>&#13;<\/p>\n<tr>&#13;<\/p>\n<td>&#13;<\/p>\n<p><span style=\"font-weight: 400;\">Educa\u00e7\u00e3o f\u00edsica (bacharel a partir do 6\u00ba semestre)<\/span><\/p>\n<p>&#13;\n<\/td>\n<p>&#13;<\/p>\n<td>&#13;<\/p>\n<p><span style=\"font-weight: 400;\">1<\/span><\/p>\n<p>&#13;\n<\/td>\n<p>&#13;<br \/>\n<\/tr>\n<p>&#13;<\/p>\n<tr>&#13;<\/p>\n<td>&#13;<\/p>\n<p><span style=\"font-weight: 400;\">Engenharia ambiental (a partir do 5\u00ba semestre)<\/span><\/p>\n<p>&#13;\n<\/td>\n<p>&#13;<\/p>\n<td>&#13;<\/p>\n<p><span style=\"font-weight: 400;\">1<\/span><\/p>\n<p>&#13;\n<\/td>\n<p>&#13;<br \/>\n<\/tr>\n<p>&#13;<\/p>\n<tr>&#13;<\/p>\n<td>&#13;<\/p>\n<p><span style=\"font-weight: 400;\">Engenharia civil (a partir do 1\u00b0 semestre)<\/span><\/p>\n<p>&#13;\n<\/td>\n<p>&#13;<\/p>\n<td>&#13;<\/p>\n<p><span style=\"font-weight: 400;\">1<\/span><\/p>\n<p>&#13;\n<\/td>\n<p>&#13;<br \/>\n<\/tr>\n<p>&#13;<\/p>\n<tr>&#13;<\/p>\n<td>&#13;<\/p>\n<p><span style=\"font-weight: 400;\">Engenharia el\u00e9trica e afins (a partir do 1\u00b0 semestre)<\/span><\/p>\n<p>&#13;\n<\/td>\n<p>&#13;<\/p>\n<td>&#13;<\/p>\n<p><span style=\"font-weight: 400;\">1<\/span><\/p>\n<p>&#13;\n<\/td>\n<p>&#13;<br \/>\n<\/tr>\n<p>&#13;<\/p>\n<tr>&#13;<\/p>\n<td>&#13;<\/p>\n<p><span style=\"font-weight: 400;\">Ci\u00eancia da computa\u00e7\u00e3o e afins (a partir do 1\u00b0 semestre)<\/span><\/p>\n<p>&#13;\n<\/td>\n<p>&#13;<\/p>\n<td>&#13;<\/p>\n<p><span style=\"font-weight: 400;\">10<\/span><\/p>\n<p>&#13;\n<\/td>\n<p>&#13;<br \/>\n<\/tr>\n<p>&#13;<\/p>\n<tr>&#13;<\/p>\n<td>&#13;<\/p>\n<p><span style=\"font-weight: 400;\">Jornalismo (a partir do 1\u00b0 semestre)<\/span><\/p>\n<p>&#13;\n<\/td>\n<p>&#13;<\/p>\n<td>&#13;<\/p>\n<p><span style=\"font-weight: 400;\">1<\/span><\/p>\n<p>&#13;\n<\/td>\n<p>&#13;<br \/>\n<\/tr>\n<p>&#13;<\/p>\n<tr>&#13;<\/p>\n<td>&#13;<\/p>\n<p><span style=\"font-weight: 400;\">Licenciatura em biologia ou qu\u00edmica (a partir do 1\u00b0 semestre)<\/span><\/p>\n<p>&#13;\n<\/td>\n<p>&#13;<\/p>\n<td>&#13;<\/p>\n<p><span style=\"font-weight: 400;\">1<\/span><\/p>\n<p>&#13;\n<\/td>\n<p>&#13;<br \/>\n<\/tr>\n<p>&#13;<\/p>\n<tr>&#13;<\/p>\n<td>&#13;<\/p>\n<p><span style=\"font-weight: 400;\">Licenciatura em f\u00edsica ou matem\u00e1tica (a partir do 1\u00b0 semestre)<\/span><\/p>\n<p>&#13;\n<\/td>\n<p>&#13;<\/p>\n<td>&#13;<\/p>\n<p><span style=\"font-weight: 400;\">1<\/span><\/p>\n<p>&#13;\n<\/td>\n<p>&#13;<br \/>\n<\/tr>\n<p>&#13;<\/p>\n<tr>&#13;<\/p>\n<td>&#13;<\/p>\n<p><span style=\"font-weight: 400;\">Pedagogia para regi\u00e3o centro (a partir do 1\u00b0 semestre)<\/span><\/p>\n<p>&#13;\n<\/td>\n<p>&#13;<\/p>\n<td>&#13;<\/p>\n<p><span style=\"font-weight: 400;\">20<\/span><\/p>\n<p>&#13;\n<\/td>\n<p>&#13;<br \/>\n<\/tr>\n<p>&#13;<\/p>\n<tr>&#13;<\/p>\n<td>&#13;<\/p>\n<p><span style=\"font-weight: 400;\">Pedagogia para regi\u00e3o leste (a partir do 1\u00b0 semestre)<\/span><\/p>\n<p>&#13;\n<\/td>\n<p>&#13;<\/p>\n<td>&#13;<\/p>\n<p><span style=\"font-weight: 400;\">20<\/span><\/p>\n<p>&#13;\n<\/td>\n<p>&#13;<br \/>\n<\/tr>\n<p>&#13;<\/p>\n<tr>&#13;<\/p>\n<td>&#13;<\/p>\n<p><span style=\"font-weight: 400;\">Pedagogia para regi\u00e3o norte (a partir do 1\u00b0 semestre)<\/span><\/p>\n<p>&#13;\n<\/td>\n<p>&#13;<\/p>\n<td>&#13;<\/p>\n<p><span style=\"font-weight: 400;\">20<\/span><\/p>\n<p>&#13;\n<\/td>\n<p>&#13;<br \/>\n<\/tr>\n<p>&#13;<\/p>\n<tr>&#13;<\/p>\n<td>&#13;<\/p>\n<p><span style=\"font-weight: 400;\">Pedagogia para regi\u00e3o oeste (a partir do 1\u00b0 semestre)<\/span><\/p>\n<p>&#13;\n<\/td>\n<p>&#13;<\/p>\n<td>&#13;<\/p>\n<p><span style=\"font-weight: 400;\">20<\/span><\/p>\n<p>&#13;\n<\/td>\n<p>&#13;<br \/>\n<\/tr>\n<p>&#13;<\/p>\n<tr>&#13;<\/p>\n<td>&#13;<\/p>\n<p><span style=\"font-weight: 400;\">Pedagogia para regi\u00e3o sudeste (a partir do 1\u00b0 semestre)<\/span><\/p>\n<p>&#13;\n<\/td>\n<p>&#13;<\/p>\n<td>&#13;<\/p>\n<p><span style=\"font-weight: 400;\">20<\/span><\/p>\n<p>&#13;\n<\/td>\n<p>&#13;<br \/>\n<\/tr>\n<p>&#13;<\/p>\n<tr>&#13;<\/p>\n<td>&#13;<\/p>\n<p><span style=\"font-weight: 400;\">Pedagogia para regi\u00e3o sul (a partir do 1\u00b0 semestre)<\/span><\/p>\n<p>&#13;\n<\/td>\n<p>&#13;<\/p>\n<td>&#13;<\/p>\n<p><span style=\"font-weight: 400;\">20<\/span><\/p>\n<p>&#13;\n<\/td>\n<p>&#13;<br \/>\n<\/tr>\n<p>&#13;<\/p>\n<tr>&#13;<\/p>\n<td>&#13;<\/p>\n<p><span style=\"font-weight: 400;\">Pedagogia para S\u00e3o Francisco Xavier (a partir do 1\u00b0 semestre)<\/span><\/p>\n<p>&#13;\n<\/td>\n<p>&#13;<\/p>\n<td>&#13;<\/p>\n<p><span style=\"font-weight: 400;\">5<\/span><\/p>\n<p>&#13;\n<\/td>\n<p>&#13;<br \/>\n<\/tr>\n<p>&#13;<\/p>\n<tr>&#13;<\/p>\n<td>&#13;<\/p>\n<p><span style=\"font-weight: 400;\">Publicidade e propaganda e afins (a partir do 1\u00b0 semestre)<\/span><\/p>\n<p>&#13;\n<\/td>\n<p>&#13;<\/p>\n<td>&#13;<\/p>\n<p><span style=\"font-weight: 400;\">1<\/span><\/p>\n<p>&#13;\n<\/td>\n<p>&#13;<br \/>\n<\/tr>\n<p>&#13;<\/p>\n<tr>&#13;<\/p>\n<td>&#13;<\/p>\n<p><span style=\"font-weight: 400;\">Tecnologia em log\u00edstica (a partir do 1\u00b0 semestre)<\/span><\/p>\n<p>&#13;\n<\/td>\n<p>&#13;<\/p>\n<td>&#13;<\/p>\n<p><span style=\"font-weight: 400;\">1<\/span><\/p>\n<p>&#13;\n<\/td>\n<p>&#13;<br \/>\n<\/tr>\n<p>&#13;<br \/>\n<\/tbody>\n<p>&#13;<br \/>\n<\/table>\n<p>&#13;<br \/>\n                        <strong>MAIS NOT\u00cdCIAS<\/strong><br \/>&#13;<br \/>\n                        Secretaria de Gest\u00e3o Administrativa e Finan\u00e7as&#13;\n                    <\/p>\n<\/p><\/div>\n","protected":false},"excerpt":{"rendered":"<p>Cl\u00e1udio Ribeiro&#13; &#13; Secretaria de Gest\u00e3o Administrativa e Finan\u00e7as Estudantes universit\u00e1rios, de escolas t\u00e9cnicas e do ensino m\u00e9dio podem se candidatar \u00e0s 264 oportunidades de est\u00e1gio lan\u00e7adas pela Prefeitura de S\u00e3o Jos\u00e9 dos Campos. \u00c9 preciso estar com o cadastro atualizado no site do Ciee (Centro de Integra\u00e7\u00e3o Empresa-Escola). As inscri\u00e7\u00f5es devem ser feitas somente &#8230; <a title=\"Prefeitura abre 264 vagas de est\u00e1gio de n\u00edvel m\u00e9dio e superior\" class=\"read-more\" href=\"https:\/\/superinteressantes.com.br\/index.php\/2024\/11\/03\/prefeitura-abre-264-vagas-de-estagio-de-nivel-medio-e-superior\/\" aria-label=\"More on Prefeitura abre 264 vagas de est\u00e1gio de n\u00edvel m\u00e9dio e superior\">Ler mais<\/a><\/p>\n","protected":false},"author":1,"featured_media":0,"comment_status":"","ping_status":"","sticky":false,"template":"","format":"standard","meta":{"footnotes":""},"categories":[1],"tags":[],"class_list":["post-17977","post","type-post","status-publish","format-standard","hentry","category-sem-categoria"],"amp_enabled":true,"_links":{"self":[{"href":"https:\/\/superinteressantes.com.br\/index.php\/wp-json\/wp\/v2\/posts\/17977","targetHints":{"allow":["GET"]}}],"collection":[{"href":"https:\/\/superinteressantes.com.br\/index.php\/wp-json\/wp\/v2\/posts"}],"about":[{"href":"https:\/\/superinteressantes.com.br\/index.php\/wp-json\/wp\/v2\/types\/post"}],"author":[{"embeddable":true,"href":"https:\/\/superinteressantes.com.br\/index.php\/wp-json\/wp\/v2\/users\/1"}],"replies":[{"embeddable":true,"href":"https:\/\/superinteressantes.com.br\/index.php\/wp-json\/wp\/v2\/comments?post=17977"}],"version-history":[{"count":0,"href":"https:\/\/superinteressantes.com.br\/index.php\/wp-json\/wp\/v2\/posts\/17977\/revisions"}],"wp:attachment":[{"href":"https:\/\/superinteressantes.com.br\/index.php\/wp-json\/wp\/v2\/media?parent=17977"}],"wp:term":[{"taxonomy":"category","embeddable":true,"href":"https:\/\/superinteressantes.com.br\/index.php\/wp-json\/wp\/v2\/categories?post=17977"},{"taxonomy":"post_tag","embeddable":true,"href":"https:\/\/superinteressantes.com.br\/index.php\/wp-json\/wp\/v2\/tags?post=17977"}],"curies":[{"name":"wp","href":"https:\/\/api.w.org\/{rel}","templated":true}]}}