{"id":17971,"date":"2024-11-02T22:58:35","date_gmt":"2024-11-03T01:58:35","guid":{"rendered":"https:\/\/superinteressantes.com.br\/index.php\/2024\/11\/02\/com-apoio-da-prefeitura-marcha-para-jesus-reune-fieis-de-igrejas-evangelicas\/"},"modified":"2024-11-02T22:58:35","modified_gmt":"2024-11-03T01:58:35","slug":"com-apoio-da-prefeitura-marcha-para-jesus-reune-fieis-de-igrejas-evangelicas","status":"publish","type":"post","link":"https:\/\/superinteressantes.com.br\/index.php\/2024\/11\/02\/com-apoio-da-prefeitura-marcha-para-jesus-reune-fieis-de-igrejas-evangelicas\/","title":{"rendered":"Com apoio da Prefeitura, Marcha para Jesus re\u00fane fi\u00e9is de igrejas evang\u00e9licas"},"content":{"rendered":"<p><\/p>\n<div>\n<p>Fi\u00e9is de diversas denomina\u00e7\u00f5es evang\u00e9licas ocuparam a Avenida Epit\u00e1cio Pessoa em dire\u00e7\u00e3o ao Busto de Tamandar\u00e9 na tarde deste s\u00e1bado (2), durante a 12\u00aa edi\u00e7\u00e3o da Marcha para Jesus em Jo\u00e3o Pessoa. Com apoio da Prefeitura, quatro trios el\u00e9tricos animaram as pessoas, com c\u00e2nticos, louvores e ora\u00e7\u00f5es.<\/p>\n<figure class=\"wp-block-gallery has-nested-images columns-default is-cropped wp-block-gallery-1 is-layout-flex wp-block-gallery-is-layout-flex\">\n<figure class=\"wp-block-image size-large\"><\/figure>\n<figure class=\"wp-block-image size-large\"><\/figure>\n<figure class=\"wp-block-image size-large\"><\/figure>\n<figure class=\"wp-block-image size-large\"><\/figure>\n<figure class=\"wp-block-image size-large\"><\/figure>\n<figure class=\"wp-block-image size-large\"><\/figure>\n<\/figure>\n<p>Participaram da Marcha grupos como Louvor nas Varandas, Sara Music, Leomir do Ide e IBM Music. O evento recebeu apoio da Funda\u00e7\u00e3o Cultural de Jo\u00e3o Pessoa (Funjope), Servi\u00e7o de Atendimento M\u00f3vel de Urg\u00eancia (Samu-JP) e Superintend\u00eancia Executiva de Mobilidade Urbana de Jo\u00e3o Pessoa (Semob-JP).<\/p>\n<p>Antes da descida dos trios, os fi\u00e9is fizeram uma ora\u00e7\u00e3o, agradecendo pelo evento, pedindo paz e orientando as pessoas para que todos participassem em seguran\u00e7a.<\/p>\n<figure class=\"wp-block-gallery has-nested-images columns-default is-cropped wp-block-gallery-2 is-layout-flex wp-block-gallery-is-layout-flex\">\n<figure class=\"wp-block-image size-large\"><\/figure>\n<figure class=\"wp-block-image size-large\"><\/figure>\n<\/figure>\n<p>Um dos coordenadores do evento, pastor Anchieta Teixeira de Carvalho, da Igreja Silo\u00e9, da Torre, destacou que o prop\u00f3sito da Marcha para Jesus \u00e9 reunir os fi\u00e9is das mais diversas denomina\u00e7\u00f5es. \u201cAqui em Jo\u00e3o Pessoa a Marcha \u00e9 sempre um sucesso, realizada de maneira pac\u00edfica, num momento de congra\u00e7amento entre os fi\u00e9is. N\u00f3s tivemos os mais diversos apoios para a estrutura de som, ilumina\u00e7\u00e3o, banheiros. Sem essas parcerias o evento n\u00e3o seria poss\u00edvel\u201d, concluiu.<\/p>\n<figure class=\"wp-block-gallery has-nested-images columns-default is-cropped wp-block-gallery-3 is-layout-flex wp-block-gallery-is-layout-flex\">\n<figure class=\"wp-block-image size-large\"><\/figure>\n<figure class=\"wp-block-image size-large\"><\/figure>\n<figure class=\"wp-block-image size-large\"><\/figure>\n<figure class=\"wp-block-image size-large\"><\/figure>\n<\/figure>\n<p>A Marcha para Jesus tem o prop\u00f3sito de promover a manifesta\u00e7\u00e3o p\u00fablica da f\u00e9 crist\u00e3, levando o Evangelho para fora das portas das igrejas. Tem se caracterizado como um evento crist\u00e3o ecum\u00eanico, com apoio de diversas denomina\u00e7\u00f5es evang\u00e9licas. \u00c9 realizada anualmente em milhares de cidades pelo mundo, onde caravanas de peregrinos se encontram e marcham at\u00e9 um determinado local. No Brasil a Marcha para Jesus faz parte do calend\u00e1rio oficial do Pa\u00eds desde 2009, quando foi sancionada a Lei Federal 12.025.<\/p>\n<\/p><\/div>\n","protected":false},"excerpt":{"rendered":"<p>Fi\u00e9is de diversas denomina\u00e7\u00f5es evang\u00e9licas ocuparam a Avenida Epit\u00e1cio Pessoa em dire\u00e7\u00e3o ao Busto de Tamandar\u00e9 na tarde deste s\u00e1bado (2), durante a 12\u00aa edi\u00e7\u00e3o da Marcha para Jesus em Jo\u00e3o Pessoa. Com apoio da Prefeitura, quatro trios el\u00e9tricos animaram as pessoas, com c\u00e2nticos, louvores e ora\u00e7\u00f5es. Participaram da Marcha grupos como Louvor nas Varandas, &#8230; <a title=\"Com apoio da Prefeitura, Marcha para Jesus re\u00fane fi\u00e9is de igrejas evang\u00e9licas\" class=\"read-more\" href=\"https:\/\/superinteressantes.com.br\/index.php\/2024\/11\/02\/com-apoio-da-prefeitura-marcha-para-jesus-reune-fieis-de-igrejas-evangelicas\/\" aria-label=\"More on Com apoio da Prefeitura, Marcha para Jesus re\u00fane fi\u00e9is de igrejas evang\u00e9licas\">Ler mais<\/a><\/p>\n","protected":false},"author":1,"featured_media":0,"comment_status":"","ping_status":"","sticky":false,"template":"","format":"standard","meta":{"footnotes":""},"categories":[1],"tags":[],"class_list":["post-17971","post","type-post","status-publish","format-standard","hentry","category-sem-categoria"],"amp_enabled":true,"_links":{"self":[{"href":"https:\/\/superinteressantes.com.br\/index.php\/wp-json\/wp\/v2\/posts\/17971","targetHints":{"allow":["GET"]}}],"collection":[{"href":"https:\/\/superinteressantes.com.br\/index.php\/wp-json\/wp\/v2\/posts"}],"about":[{"href":"https:\/\/superinteressantes.com.br\/index.php\/wp-json\/wp\/v2\/types\/post"}],"author":[{"embeddable":true,"href":"https:\/\/superinteressantes.com.br\/index.php\/wp-json\/wp\/v2\/users\/1"}],"replies":[{"embeddable":true,"href":"https:\/\/superinteressantes.com.br\/index.php\/wp-json\/wp\/v2\/comments?post=17971"}],"version-history":[{"count":0,"href":"https:\/\/superinteressantes.com.br\/index.php\/wp-json\/wp\/v2\/posts\/17971\/revisions"}],"wp:attachment":[{"href":"https:\/\/superinteressantes.com.br\/index.php\/wp-json\/wp\/v2\/media?parent=17971"}],"wp:term":[{"taxonomy":"category","embeddable":true,"href":"https:\/\/superinteressantes.com.br\/index.php\/wp-json\/wp\/v2\/categories?post=17971"},{"taxonomy":"post_tag","embeddable":true,"href":"https:\/\/superinteressantes.com.br\/index.php\/wp-json\/wp\/v2\/tags?post=17971"}],"curies":[{"name":"wp","href":"https:\/\/api.w.org\/{rel}","templated":true}]}}