{"id":17970,"date":"2024-11-02T21:23:10","date_gmt":"2024-11-03T00:23:10","guid":{"rendered":"https:\/\/superinteressantes.com.br\/index.php\/2024\/11\/02\/operacao-finados-guarda-municipal-reforca-patrulhamento-no-entorno-de-cemiterios-da-cidade-prefeitura-da-cidade-do-rio-de-janeiro\/"},"modified":"2024-11-02T21:23:10","modified_gmt":"2024-11-03T00:23:10","slug":"operacao-finados-guarda-municipal-reforca-patrulhamento-no-entorno-de-cemiterios-da-cidade-prefeitura-da-cidade-do-rio-de-janeiro","status":"publish","type":"post","link":"https:\/\/superinteressantes.com.br\/index.php\/2024\/11\/02\/operacao-finados-guarda-municipal-reforca-patrulhamento-no-entorno-de-cemiterios-da-cidade-prefeitura-da-cidade-do-rio-de-janeiro\/","title":{"rendered":"Opera\u00e7\u00e3o Finados: Guarda Municipal refor\u00e7a patrulhamento no entorno de cemit\u00e9rios da cidade &#8211; Prefeitura da Cidade do Rio de Janeiro"},"content":{"rendered":"<p><\/p>\n<div id=\"main\">\n<div class=\"wrapper-breadcrumbs\" wp_automatic_readability=\"42.214784633295\">\n<p>A Guarda Municipal do Rio (GM-Rio) montou opera\u00e7\u00e3o especial de ordenamento urbano e de tr\u00e2nsito com emprego de 109 guardas municipais para o feriado de Finados. As a\u00e7\u00f5es ter\u00e3o in\u00edcio j\u00e1 nesta sexta-feira (1\/11) com a\u00e7\u00f5es preventivas para a desobstru\u00e7\u00e3o dos espa\u00e7os p\u00fablicos no entorno dos cemit\u00e9rios da cidade. As a\u00e7\u00f5es de ordenamento urbano ter\u00e3o como principal foco o patrulhamento preventivo para auxiliar os visitantes e promover a sensa\u00e7\u00e3o de seguran\u00e7a, al\u00e9m da coer\u00e7\u00e3o ao com\u00e9rcio ambulante sem autoriza\u00e7\u00e3o. J\u00e1 as a\u00e7\u00f5es de tr\u00e2nsito ter\u00e3o como foco a fluidez, a coer\u00e7\u00e3o ao estacionamento irregular e atua\u00e7\u00e3o de flanelinhas, al\u00e9m de\u00a0zelar pela seguran\u00e7a vi\u00e1ria, como a travessia segura de pedestres.<\/p>\n<p>Os cemit\u00e9rios cobertos pela\u00a0opera\u00e7\u00e3o s\u00e3o: Cemit\u00e9rio da Pra\u00e7a dos Anjos (Realengo); Cemit\u00e9rio S\u00e3o Francisco Xavier (Caju); Cemit\u00e9rio S\u00e3o Jo\u00e3o Batista (Botafogo); Cemit\u00e9rio de Iraj\u00e1; Cemit\u00e9rio dos Ingleses (Gamboa); Cemit\u00e9rio de Ricardo de Albuquerque; Cemit\u00e9rio do Catumbi (Catumbi); Cemit\u00e9rio do Murundu (Padre Miguel); Cemit\u00e9rio de Jacarepagu\u00e1 (Pechincha); Cemit\u00e9rio de Guaratiba (Guaratiba); Cemit\u00e9rio de Campo Grande (Campo Grande); Cemit\u00e9rio de Santa Cruz, Cemit\u00e9rio de Jardim Sulacap, Cemit\u00e9rio de Piabas (Recreio dos Bandeirantes); Cemit\u00e9rio do Cacuia (Ilha do Governador) e\u00a0 Cemit\u00e9rio de Inha\u00fama (Inha\u00fama).<\/p>\n<p><strong>C\u00e3es da GM-Rio no Cemit\u00e9rio da Penit\u00eancia<\/strong><\/p>\n<p>O Grupamento Especial de Opera\u00e7\u00f5es com C\u00e3es (GOC), da Guarda Municipal do Rio, vai participar da programa\u00e7\u00e3o de Finados do Cemit\u00e9rio da Penit\u00eancia, no Caju, no s\u00e1bado (2\/11), feriado de Finados, com o projeto de Cinoterapia. \u00c9 a primeira vez que c\u00e3es que atuam no projeto v\u00e3o interagir com o p\u00fablico, que ter\u00e1 uma mostra da import\u00e2ncia dessa terapia para a sa\u00fade emocional relacionada ao luto.<\/p>\n<p>Implantada na GM-Rio em 2005, a Cinoterapia \u00e9 um importante recurso para\u00a0auxiliar no tratamento m\u00e9dico, especialmente de idosos e crian\u00e7as,\u00a0proporcionando melhorias\u00a0na qualidade de vida.\u00a0Os guardas do Canil\u00a0v\u00e3o coordenar a a\u00e7\u00e3o em um estande que ser\u00e1 instalado\u00a0pelo cemit\u00e9rio\u00a0ao lado da capela hist\u00f3rica do local. Dois c\u00e3es da ra\u00e7a border collie \u2013 o Zack, de dois anos e seis meses, e a Gaia, de um ano e um m\u00eas \u2013 v\u00e3o participar da a\u00e7\u00e3o.<\/p>\n<blockquote wp_automatic_readability=\"11\">\n<p>\u2013 A Guarda Municipal realiza todos os anos uma opera\u00e7\u00e3o especial de ordenamento urbano e do tr\u00e2nsito para facilitar a mobilidade das pessoas que v\u00e3o aos cemit\u00e9rios da cidade prestar suas homenagens. Poder participar tamb\u00e9m com nossos c\u00e3es, oferecendo consolo e ajudando a lidar com o luto, para n\u00f3s \u00e9 muito gratificante \u2013 destacou o comandante da GM-Rio, inspetor geral Jos\u00e9 Ricardo Soares.<\/p>\n<\/blockquote>\n<p>             <!-- Compartilhe ---><\/p>\n<p>\t\t\t <!-- TAGS --><\/p>\n<section class=\"category-tags\">\n<article class=\"tags\">\n\t\t\t\t\tMarca\u00e7\u00f5es: Cemit\u00e9rios Dia de Finados Guarda Municipal Ordenamento urbano Patrulhamento<br \/><\/article>\n<\/section>\n<p>            <!-- Mais Not&iacute;cias --><\/p>\n<p>\t\t<!-- Conte&uacute;do SIDEBAR --><\/p><\/div>\n<\/p><\/div>\n","protected":false},"excerpt":{"rendered":"<p>A Guarda Municipal do Rio (GM-Rio) montou opera\u00e7\u00e3o especial de ordenamento urbano e de tr\u00e2nsito com emprego de 109 guardas municipais para o feriado de Finados. As a\u00e7\u00f5es ter\u00e3o in\u00edcio j\u00e1 nesta sexta-feira (1\/11) com a\u00e7\u00f5es preventivas para a desobstru\u00e7\u00e3o dos espa\u00e7os p\u00fablicos no entorno dos cemit\u00e9rios da cidade. As a\u00e7\u00f5es de ordenamento urbano ter\u00e3o &#8230; <a title=\"Opera\u00e7\u00e3o Finados: Guarda Municipal refor\u00e7a patrulhamento no entorno de cemit\u00e9rios da cidade &#8211; Prefeitura da Cidade do Rio de Janeiro\" class=\"read-more\" href=\"https:\/\/superinteressantes.com.br\/index.php\/2024\/11\/02\/operacao-finados-guarda-municipal-reforca-patrulhamento-no-entorno-de-cemiterios-da-cidade-prefeitura-da-cidade-do-rio-de-janeiro\/\" aria-label=\"More on Opera\u00e7\u00e3o Finados: Guarda Municipal refor\u00e7a patrulhamento no entorno de cemit\u00e9rios da cidade &#8211; Prefeitura da Cidade do Rio de Janeiro\">Ler mais<\/a><\/p>\n","protected":false},"author":1,"featured_media":0,"comment_status":"","ping_status":"","sticky":false,"template":"","format":"standard","meta":{"footnotes":""},"categories":[1],"tags":[],"class_list":["post-17970","post","type-post","status-publish","format-standard","hentry","category-sem-categoria"],"amp_enabled":true,"_links":{"self":[{"href":"https:\/\/superinteressantes.com.br\/index.php\/wp-json\/wp\/v2\/posts\/17970","targetHints":{"allow":["GET"]}}],"collection":[{"href":"https:\/\/superinteressantes.com.br\/index.php\/wp-json\/wp\/v2\/posts"}],"about":[{"href":"https:\/\/superinteressantes.com.br\/index.php\/wp-json\/wp\/v2\/types\/post"}],"author":[{"embeddable":true,"href":"https:\/\/superinteressantes.com.br\/index.php\/wp-json\/wp\/v2\/users\/1"}],"replies":[{"embeddable":true,"href":"https:\/\/superinteressantes.com.br\/index.php\/wp-json\/wp\/v2\/comments?post=17970"}],"version-history":[{"count":0,"href":"https:\/\/superinteressantes.com.br\/index.php\/wp-json\/wp\/v2\/posts\/17970\/revisions"}],"wp:attachment":[{"href":"https:\/\/superinteressantes.com.br\/index.php\/wp-json\/wp\/v2\/media?parent=17970"}],"wp:term":[{"taxonomy":"category","embeddable":true,"href":"https:\/\/superinteressantes.com.br\/index.php\/wp-json\/wp\/v2\/categories?post=17970"},{"taxonomy":"post_tag","embeddable":true,"href":"https:\/\/superinteressantes.com.br\/index.php\/wp-json\/wp\/v2\/tags?post=17970"}],"curies":[{"name":"wp","href":"https:\/\/api.w.org\/{rel}","templated":true}]}}