{"id":17969,"date":"2024-11-02T20:35:43","date_gmt":"2024-11-02T23:35:43","guid":{"rendered":"https:\/\/superinteressantes.com.br\/index.php\/2024\/11\/02\/dia-de-finados-leva-45-mil-pessoas-aos-cemiterios-publicos-municipais-de-sorocaba-agencia-de-noticias\/"},"modified":"2024-11-02T20:35:43","modified_gmt":"2024-11-02T23:35:43","slug":"dia-de-finados-leva-45-mil-pessoas-aos-cemiterios-publicos-municipais-de-sorocaba-agencia-de-noticias","status":"publish","type":"post","link":"https:\/\/superinteressantes.com.br\/index.php\/2024\/11\/02\/dia-de-finados-leva-45-mil-pessoas-aos-cemiterios-publicos-municipais-de-sorocaba-agencia-de-noticias\/","title":{"rendered":"Dia de Finados leva 45 mil pessoas aos cemit\u00e9rios p\u00fablicos municipais de Sorocaba \u2013 Ag\u00eancia de Not\u00edcias"},"content":{"rendered":"<p><\/p>\n<div wp_automatic_readability=\"32\">\n<div class=\"col\" wp_automatic_readability=\"9\">\n<p class=\"mt-0\">\n                        <strong><br \/>\n                            <span class=\"far fa-calendar mr-1 mt-2\"\/><br \/>\n                            2 de novembro de 2024<br \/>\n                            <span class=\"far fa-clock ml-3 mt-2\"\/><br \/>\n                            17:13<br \/>\n                        <\/strong>\n                    <\/p>\n<p class=\"mb-0\">Por: <strong>Eduardo Santinon (esantinon@sorocaba.sp.gov.br)<\/strong><\/p>\n<\/p><\/div>\n<\/p><\/div>\n<div wp_automatic_readability=\"105.03898700433\">\n<p><em><strong>Fotos: Eduardo Santinon<\/strong><\/em><\/p>\n<p><span style=\"font-weight: 400;\">Os quatro cemit\u00e9rios p\u00fablicos municipais de Sorocaba tiveram a\u00e7\u00f5es especiais para acolher quem foi prestar condol\u00eancias e homenagens aos seus entes queridos, neste Dia de Finados (2). Conforme o esperado, ao todo, cerca de 45 mil pessoas passaram pelos cemit\u00e9rios da Saudade (Vila Carvalho), da Consola\u00e7\u00e3o (Vila Haro), da Aparecida (Aparecidinha) e Santo Ant\u00f4nio (Wanel Ville) ao longo do dia, das 8h30 \u00e0s 16h30. Tanto as equipes da Secretaria de Servi\u00e7os P\u00fablicos e Obras (Serpo), como de Mobilidade (Semob) e de Seguran\u00e7a Urbana (Sesu), n\u00e3o registram ocorr\u00eancias significativas nesses pontos.<\/span><\/p>\n<p><span style=\"font-weight: 400;\">A seguran\u00e7a nos acessos e no entorno de cada cemit\u00e9rio foi feita pela Guarda Civil Municipal (GCM), enquanto agentes de tr\u00e2nsito da Semob organizaram o fluxo de ve\u00edculos e coibiram irregularidades de tr\u00e2nsito. E est\u00e1 mantida a programa\u00e7\u00e3o de liberar ao tr\u00e1fego de ve\u00edculos as vias interditadas nos arredores dos cemit\u00e9rios, a partir das 18h deste s\u00e1bado.<\/span><\/p>\n<p><span style=\"font-weight: 400;\">\u201cEst\u00e1 tudo muito bem organizado e limpo por aqui. E o movimento de pessoas tamb\u00e9m est\u00e1 bem tranquilo. Aproveitamos o hor\u00e1rio da manh\u00e3, pois geralmente \u00e9 melhor nesse sentido\u201d, disse a aposentada C\u00e9lia Regina da Silva Delbage, 60 anos, acompanhada do marido, o aut\u00f4nomo Celso Lu\u00eds Delbage, 59 anos, no Cemit\u00e9rio da Consola\u00e7\u00e3o.<\/span><\/p>\n<p><span style=\"font-weight: 400;\">Do lado de fora do mesmo cemit\u00e9rio, em meio dia de trabalho, o comerciante Jos\u00e9 Roberto, 55 anos, j\u00e1 se dava por satisfeito: \u201cO vai e vem de pessoas est\u00e1 tranquilo, mas j\u00e1 vendi cerca de 100 vasos, dos 150 que trouxe. Est\u00e1 \u00f3timo!\u201d, comemorou.<\/span><\/p>\n<p><span style=\"font-weight: 400;\">Nos quatro cemit\u00e9rios, a Serpo disponibilizou equipes adicionais para auxiliar os visitantes na localiza\u00e7\u00e3o das sepulturas e na presta\u00e7\u00e3o de demais esclarecimentos. \u201cA principal d\u00favida mesmo era sobre a localiza\u00e7\u00e3o das sepulturas. Teve gente que perguntou acerca de obras nos t\u00famulos, que estar\u00e3o autorizadas novamente a partir deste domingo (3)\u201d, adiantou o secret\u00e1rio da Serpo, Darwin de Almeida Rosa.\u00a0<\/span><\/p>\n<p><span style=\"font-weight: 400;\">Os mun\u00edcipes, inclusive, podem consultar a localiza\u00e7\u00e3o exata da sepultura pelo endere\u00e7o eletr\u00f4nico: <\/span><span style=\"font-weight: 400;\">https:\/\/servicos.sorocaba.sp.gov.br\/consulta-sepultados<\/span><span style=\"font-weight: 400;\">, ou buscar informa\u00e7\u00f5es diretamente na Administra\u00e7\u00e3o de cada cemit\u00e9rio. \u201cEu n\u00e3o tenho esse problema, Sei direitinho onde \u00e9 o t\u00famulo de meus familiares. Eu mesmo conserto e mantenho limpo. Ali\u00e1s, todo o local aqui est\u00e1 bem cuidado\u201d, disse o aposentado Rafael Botelho Pedroso, 75, quando deixava o Cemit\u00e9rio da Saudade.<\/span><\/p>\n<p><span style=\"font-weight: 400;\">Outros servi\u00e7os dispon\u00edveis na entrada dos quatro cemit\u00e9rios p\u00fablicos eram: aferi\u00e7\u00e3o de press\u00e3o, exames de glicemia e orienta\u00e7\u00f5es \u00e0 popula\u00e7\u00e3o, por equipe especializada de sa\u00fade. Ao passo que as duas empresas funer\u00e1rias da cidade, Ossel e Ofebas, realizaram atividades gratuitas, em parceria com o Poder P\u00fablico, como distribui\u00e7\u00e3o de mudas. Pela manh\u00e3, violinistas e saxofonistas contratados pela Ofebas recepcionaram os visitantes na portaria principal de cada cemit\u00e9rio.<\/span><\/p>\n<p><!-- Root element of PhotoSwipe. Must have class pswp. --><\/p><\/div>\n","protected":false},"excerpt":{"rendered":"<p>2 de novembro de 2024 17:13 Por: Eduardo Santinon (esantinon@sorocaba.sp.gov.br) Fotos: Eduardo Santinon Os quatro cemit\u00e9rios p\u00fablicos municipais de Sorocaba tiveram a\u00e7\u00f5es especiais para acolher quem foi prestar condol\u00eancias e homenagens aos seus entes queridos, neste Dia de Finados (2). Conforme o esperado, ao todo, cerca de 45 mil pessoas passaram pelos cemit\u00e9rios da Saudade &#8230; <a title=\"Dia de Finados leva 45 mil pessoas aos cemit\u00e9rios p\u00fablicos municipais de Sorocaba \u2013 Ag\u00eancia de Not\u00edcias\" class=\"read-more\" href=\"https:\/\/superinteressantes.com.br\/index.php\/2024\/11\/02\/dia-de-finados-leva-45-mil-pessoas-aos-cemiterios-publicos-municipais-de-sorocaba-agencia-de-noticias\/\" aria-label=\"More on Dia de Finados leva 45 mil pessoas aos cemit\u00e9rios p\u00fablicos municipais de Sorocaba \u2013 Ag\u00eancia de Not\u00edcias\">Ler mais<\/a><\/p>\n","protected":false},"author":1,"featured_media":0,"comment_status":"","ping_status":"","sticky":false,"template":"","format":"standard","meta":{"footnotes":""},"categories":[1],"tags":[],"class_list":["post-17969","post","type-post","status-publish","format-standard","hentry","category-sem-categoria"],"amp_enabled":true,"_links":{"self":[{"href":"https:\/\/superinteressantes.com.br\/index.php\/wp-json\/wp\/v2\/posts\/17969","targetHints":{"allow":["GET"]}}],"collection":[{"href":"https:\/\/superinteressantes.com.br\/index.php\/wp-json\/wp\/v2\/posts"}],"about":[{"href":"https:\/\/superinteressantes.com.br\/index.php\/wp-json\/wp\/v2\/types\/post"}],"author":[{"embeddable":true,"href":"https:\/\/superinteressantes.com.br\/index.php\/wp-json\/wp\/v2\/users\/1"}],"replies":[{"embeddable":true,"href":"https:\/\/superinteressantes.com.br\/index.php\/wp-json\/wp\/v2\/comments?post=17969"}],"version-history":[{"count":0,"href":"https:\/\/superinteressantes.com.br\/index.php\/wp-json\/wp\/v2\/posts\/17969\/revisions"}],"wp:attachment":[{"href":"https:\/\/superinteressantes.com.br\/index.php\/wp-json\/wp\/v2\/media?parent=17969"}],"wp:term":[{"taxonomy":"category","embeddable":true,"href":"https:\/\/superinteressantes.com.br\/index.php\/wp-json\/wp\/v2\/categories?post=17969"},{"taxonomy":"post_tag","embeddable":true,"href":"https:\/\/superinteressantes.com.br\/index.php\/wp-json\/wp\/v2\/tags?post=17969"}],"curies":[{"name":"wp","href":"https:\/\/api.w.org\/{rel}","templated":true}]}}