{"id":17968,"date":"2024-11-02T19:48:41","date_gmt":"2024-11-02T22:48:41","guid":{"rendered":"https:\/\/superinteressantes.com.br\/index.php\/2024\/11\/02\/piscina-do-morumbi-instalacao-da-cobertura-esta-na-fase-final\/"},"modified":"2024-11-02T19:48:41","modified_gmt":"2024-11-02T22:48:41","slug":"piscina-do-morumbi-instalacao-da-cobertura-esta-na-fase-final","status":"publish","type":"post","link":"https:\/\/superinteressantes.com.br\/index.php\/2024\/11\/02\/piscina-do-morumbi-instalacao-da-cobertura-esta-na-fase-final\/","title":{"rendered":"Piscina do Morumbi: Instala\u00e7\u00e3o da cobertura est\u00e1 na fase final"},"content":{"rendered":"<p><\/p>\n<div>\n<p><b>Lucas Brito<\/b><br \/>&#13;<br \/>\n&#13;<br \/>\n                <span style=\"font-weight: bold;\">Secretaria de Esporte e Qualidade de Vida<\/span><\/p>\n<p><span style=\"font-weight: 400;\">As obras de instala\u00e7\u00e3o da cobertura retr\u00e1til na piscina do Centro Esportivo do Jardim Morumbi, regi\u00e3o sul da cidade, est\u00e3o quase conclu\u00eddas.<\/span><\/p>\n<p><span style=\"font-weight: 400;\">Com 25 metros de comprimento, 12 de largura e 1,15 de profundidade, a piscina ser\u00e1 toda coberta por uma estrutura de 16 m\u00f3dulos que abrem e fecham de acordo com a necessidade di\u00e1ria.<\/span><\/p>\n<p><span style=\"font-weight: 400;\">Assim, mesmo com chuva ou tempo frio, as atividades n\u00e3o precisar\u00e3o ser interrompidas, tornando o local mais moderno e agrad\u00e1vel para a popula\u00e7\u00e3o em todas as esta\u00e7\u00f5es do ano. Em dias ensolarados, a cobertura pode ser retra\u00edda para uso ao ar livre.<\/span><\/p>\n<p><span style=\"font-weight: 400;\"><br \/><sub><em>Cobertura recolhida para aproveitar os dias de sol e calor | Foto: Claudio Vieira\/PMSJC<\/em><\/sub><\/span><\/p>\n<p><span style=\"font-weight: 400;\">Executada pela empresa DFA Constru\u00e7\u00f5es e Engenharia Ltda-ME, a estrutura modular \u00e9 a maior do pa\u00eds, com 32 metros de comprimento e 18 de largura.<\/span><\/p>\n<p><span style=\"font-weight: 400;\">Conhecida como cobertura telesc\u00f3pica, a novidade traz uma s\u00e9rie de benef\u00edcios, como a pintura eletrost\u00e1tica, que resiste a desgastes naturais e reduz os custos de manuten\u00e7\u00e3o.\u00a0<\/span><span style=\"font-weight: 400;\">Al\u00e9m de ser leve e f\u00e1cil de operar, a tecnologia se destaca pela sustentabilidade, uma vez que \u00e9 feita de alum\u00ednio, material 100% recicl\u00e1vel, e a pintura eletrost\u00e1tica dispensa o uso de solventes prejudiciais ao meio ambiente.<\/span><\/p>\n<p><span style=\"font-weight: 400;\">A previs\u00e3o de entrega da obra \u00e9 ainda para este m\u00eas de novembro, ficando dispon\u00edvel para o lazer dos mun\u00edcipes na temporada 2024\/25 do Projeto Ver\u00e3o.\u00a0<\/span><\/p>\n<p><span style=\"font-weight: 400;\">Durante a temporada 2023\/24, a unidade foi a que recebeu o maior n\u00famero de pessoas entre as 12 piscinas p\u00fablicas abertas para o lazer da comunidade, com um total de 7.911 atendimentos.<\/span><\/p>\n<p><span style=\"font-weight: 400;\">A piscina conta tamb\u00e9m com acesso para cadeirantes, para que o p\u00fablico PCD se divirta com seguran\u00e7a.<\/span><\/p>\n<p><span style=\"font-weight: 400;\"><br \/><sub><em>Com mais de 11 metros de extens\u00e3o, rampa garante inclus\u00e3o e acessibilidade | Foto: Claudio Vieira\/PMSJC<\/em><\/sub><\/span><\/p>\n<p><span class=\"intertitulo\">Projeto Ver\u00e3o<\/span><\/p>\n<p><span style=\"font-weight: 400;\">As piscinas p\u00fablicas de S\u00e3o Jos\u00e9 dos Campos j\u00e1 est\u00e3o abertas para o lazer da comunidade nos finais de semana e feriados, das 12h \u00e0s 18h.<\/span><\/p>\n<p><span style=\"font-weight: 400;\">Para agilizar o acesso dos frequentadores, as inscri\u00e7\u00f5es devem ser feitas gratuitamente pelo aplicativo Lazer SJC.<\/span><\/p>\n<p><span style=\"font-weight: 400;\">No momento, 10 piscinas est\u00e3o abertas, localizadas nos bairros Alto da Ponte, Altos de Santana, Eug\u00eanio de Melo, Jardim Cerejeiras, Jardim Sat\u00e9lite, Vila Let\u00f4nia, Vila Maria, Vila Tesouro, Jardim da Granja e S\u00e3o Judas Tadeu.<\/span><\/p>\n<p><span style=\"font-weight: 400;\">As piscinas do Parque Industrial e Vila Industrial abrem a partir de 7 de dezembro.\u00a0<\/span><\/p>\n<p><span style=\"font-weight: 400;\">A temporada 2024\/2025 do Projeto Ver\u00e3o come\u00e7ou no dia 12 de outubro e prossegue at\u00e9 30 de mar\u00e7o do ano que vem. <\/span><strong>Clique aqui e confira os endere\u00e7os das piscinas e mais informa\u00e7\u00f5es<\/strong><span style=\"font-weight: 400;\">.<\/span><\/p>\n<p><span style=\"font-weight: 400;\"><br \/><sub><em>Todas as idades se refrescam no Projeto Ver\u00e3o | Foto: Claudio Vieira\/PMSJC<\/em><\/sub><\/span><\/p>\n<p>&#13;<br \/>\n                        <strong>MAIS NOT\u00cdCIAS<\/strong><br \/>&#13;<br \/>\n                        Secretaria de Esporte e Qualidade de Vida&#13;\n                    <\/p>\n<\/p><\/div>\n","protected":false},"excerpt":{"rendered":"<p>Lucas Brito&#13; &#13; Secretaria de Esporte e Qualidade de Vida As obras de instala\u00e7\u00e3o da cobertura retr\u00e1til na piscina do Centro Esportivo do Jardim Morumbi, regi\u00e3o sul da cidade, est\u00e3o quase conclu\u00eddas. Com 25 metros de comprimento, 12 de largura e 1,15 de profundidade, a piscina ser\u00e1 toda coberta por uma estrutura de 16 m\u00f3dulos &#8230; <a title=\"Piscina do Morumbi: Instala\u00e7\u00e3o da cobertura est\u00e1 na fase final\" class=\"read-more\" href=\"https:\/\/superinteressantes.com.br\/index.php\/2024\/11\/02\/piscina-do-morumbi-instalacao-da-cobertura-esta-na-fase-final\/\" aria-label=\"More on Piscina do Morumbi: Instala\u00e7\u00e3o da cobertura est\u00e1 na fase final\">Ler mais<\/a><\/p>\n","protected":false},"author":1,"featured_media":0,"comment_status":"","ping_status":"","sticky":false,"template":"","format":"standard","meta":{"footnotes":""},"categories":[1],"tags":[],"class_list":["post-17968","post","type-post","status-publish","format-standard","hentry","category-sem-categoria"],"amp_enabled":true,"_links":{"self":[{"href":"https:\/\/superinteressantes.com.br\/index.php\/wp-json\/wp\/v2\/posts\/17968","targetHints":{"allow":["GET"]}}],"collection":[{"href":"https:\/\/superinteressantes.com.br\/index.php\/wp-json\/wp\/v2\/posts"}],"about":[{"href":"https:\/\/superinteressantes.com.br\/index.php\/wp-json\/wp\/v2\/types\/post"}],"author":[{"embeddable":true,"href":"https:\/\/superinteressantes.com.br\/index.php\/wp-json\/wp\/v2\/users\/1"}],"replies":[{"embeddable":true,"href":"https:\/\/superinteressantes.com.br\/index.php\/wp-json\/wp\/v2\/comments?post=17968"}],"version-history":[{"count":0,"href":"https:\/\/superinteressantes.com.br\/index.php\/wp-json\/wp\/v2\/posts\/17968\/revisions"}],"wp:attachment":[{"href":"https:\/\/superinteressantes.com.br\/index.php\/wp-json\/wp\/v2\/media?parent=17968"}],"wp:term":[{"taxonomy":"category","embeddable":true,"href":"https:\/\/superinteressantes.com.br\/index.php\/wp-json\/wp\/v2\/categories?post=17968"},{"taxonomy":"post_tag","embeddable":true,"href":"https:\/\/superinteressantes.com.br\/index.php\/wp-json\/wp\/v2\/tags?post=17968"}],"curies":[{"name":"wp","href":"https:\/\/api.w.org\/{rel}","templated":true}]}}