{"id":17967,"date":"2024-11-02T19:01:48","date_gmt":"2024-11-02T22:01:48","guid":{"rendered":"https:\/\/superinteressantes.com.br\/index.php\/2024\/11\/02\/rede-hoteleira-celebra-eventos-de-fim-de-ano-da-prefeitura-e-projeta-ocupacao-de-quase-100-na-alta-temporada\/"},"modified":"2024-11-02T19:01:48","modified_gmt":"2024-11-02T22:01:48","slug":"rede-hoteleira-celebra-eventos-de-fim-de-ano-da-prefeitura-e-projeta-ocupacao-de-quase-100-na-alta-temporada","status":"publish","type":"post","link":"https:\/\/superinteressantes.com.br\/index.php\/2024\/11\/02\/rede-hoteleira-celebra-eventos-de-fim-de-ano-da-prefeitura-e-projeta-ocupacao-de-quase-100-na-alta-temporada\/","title":{"rendered":"Rede hoteleira celebra eventos de fim de ano da Prefeitura e projeta ocupa\u00e7\u00e3o de quase 100% na alta temporada"},"content":{"rendered":"<p><\/p>\n<div>\n<p>O setor hoteleiro de Jo\u00e3o Pessoa est\u00e1 comemorando o momento de crescimento do fluxo de turistas na Capital paraibana e j\u00e1 registra um dos maiores aumentos de ocupa\u00e7\u00e3o dos apartamentos \u00e0 disposi\u00e7\u00e3o dos turistas. Os projetos art\u00edsticos do Natal, R\u00e9veillon e Ver\u00e3o Forr\u00f3, que ser\u00e3o promovidos pela Prefeitura at\u00e9 o final de janeiro de 2025, v\u00e3o aquecer ainda mais a movimenta\u00e7\u00e3o na rede. A estimativa \u00e9 de que haja uma ocupa\u00e7\u00e3o m\u00e9dia entre 95% e 97% nos finais de semana. Em janeiro de 2025, a previs\u00e3o \u00e9 de crescimento de 8% na ocupa\u00e7\u00e3o em rela\u00e7\u00e3o ao mesmo per\u00edodo do ano passado, chegando a 88% de ocupa\u00e7\u00e3o m\u00e9dia, com picos de 100%.<\/p>\n<figure class=\"wp-block-gallery has-nested-images columns-default is-cropped wp-block-gallery-1 is-layout-flex wp-block-gallery-is-layout-flex\">\n<figure class=\"wp-block-image size-full\"><\/figure>\n<figure class=\"wp-block-image size-large\"><\/figure>\n<figure class=\"wp-block-image size-large\"><\/figure>\n<\/figure>\n<p>O empres\u00e1rio Rodrigo Pinto enalteceu a iniciativa do prefeito C\u00edcero Lucena e sua equipe administrativa, destacando os projetos esportivos e culturais. Com todos os finais de semana cheios de atra\u00e7\u00f5es musicais e eventos esportivos na orla pessoense, como as corridas de rua, se tornam um grande atrativo para os turistas visitarem a cidade, com isso, gerando uma grande demanda de gera\u00e7\u00e3o de novos postos de trabalho nesse per\u00edodo. O empres\u00e1rio destacou ainda a programa\u00e7\u00e3o cultural, que est\u00e1 valorizando os artistas regionais, como outro grande diferencial.<\/p>\n<figure class=\"wp-block-gallery has-nested-images columns-default is-cropped wp-block-gallery-2 is-layout-flex wp-block-gallery-is-layout-flex\">\n<figure class=\"wp-block-image size-large\"><\/figure>\n<figure class=\"wp-block-image size-large\"><\/figure>\n<\/figure>\n<p>O secret\u00e1rio de Turismo de Jo\u00e3o Pessoa, Daniel Rodrigues, disse que a cidade ter\u00e1 um dos maiores per\u00edodos de ver\u00e3o de todos os tempos, respaldado nos dados dos aplicativos de viagens e buscadores de passagens a\u00e9reas e hospedagem, muitos deles das principais operadoras de turismo. \u201cJo\u00e3o Pessoa se tornou um dos destinos mais procurados do Pa\u00eds e, hoje, a rede hoteleira praticamente j\u00e1 tem seus apartamentos reservados, principalmente, para as festas de final de ano. N\u00e3o tivemos baixa esta\u00e7\u00e3o em 2024\u201d, pontuou o secret\u00e1rio.<\/p>\n<figure class=\"wp-block-gallery has-nested-images columns-default is-cropped wp-block-gallery-3 is-layout-flex wp-block-gallery-is-layout-flex\">\n<figure class=\"wp-block-image size-large\"><\/figure>\n<figure class=\"wp-block-image size-large\"><\/figure>\n<figure class=\"wp-block-image size-large\"><\/figure>\n<\/figure>\n<p>Conforme ressaltou, o projeto do Polo Tur\u00edstico de Jo\u00e3o Pessoa vai incrementar ainda mais o fluxo de turistas na cidade, j\u00e1 que, nos pr\u00f3ximos dois a tr\u00eas anos, ter\u00e1 um acr\u00e9scimo de mais de 10 mil leitos \u00e0 disposi\u00e7\u00e3o dos turistas. No Polo, atualmente, est\u00e3o sendo constru\u00eddos seis resorts, dos quais um j\u00e1 anunciou a realiza\u00e7\u00e3o de seu primeiro r\u00e9veillon no final de 2025. \u201cEstamos no caminho certo e criando um ambiente de neg\u00f3cios importante no processo de gera\u00e7\u00e3o de empregos e renda, com uma inje\u00e7\u00e3o de receitas jamais vista em todos os tempos\u201d, afirmou o secret\u00e1rio.<\/p>\n<\/p><\/div>\n","protected":false},"excerpt":{"rendered":"<p>O setor hoteleiro de Jo\u00e3o Pessoa est\u00e1 comemorando o momento de crescimento do fluxo de turistas na Capital paraibana e j\u00e1 registra um dos maiores aumentos de ocupa\u00e7\u00e3o dos apartamentos \u00e0 disposi\u00e7\u00e3o dos turistas. Os projetos art\u00edsticos do Natal, R\u00e9veillon e Ver\u00e3o Forr\u00f3, que ser\u00e3o promovidos pela Prefeitura at\u00e9 o final de janeiro de 2025, &#8230; <a title=\"Rede hoteleira celebra eventos de fim de ano da Prefeitura e projeta ocupa\u00e7\u00e3o de quase 100% na alta temporada\" class=\"read-more\" href=\"https:\/\/superinteressantes.com.br\/index.php\/2024\/11\/02\/rede-hoteleira-celebra-eventos-de-fim-de-ano-da-prefeitura-e-projeta-ocupacao-de-quase-100-na-alta-temporada\/\" aria-label=\"More on Rede hoteleira celebra eventos de fim de ano da Prefeitura e projeta ocupa\u00e7\u00e3o de quase 100% na alta temporada\">Ler mais<\/a><\/p>\n","protected":false},"author":1,"featured_media":0,"comment_status":"","ping_status":"","sticky":false,"template":"","format":"standard","meta":{"footnotes":""},"categories":[1],"tags":[],"class_list":["post-17967","post","type-post","status-publish","format-standard","hentry","category-sem-categoria"],"amp_enabled":true,"_links":{"self":[{"href":"https:\/\/superinteressantes.com.br\/index.php\/wp-json\/wp\/v2\/posts\/17967","targetHints":{"allow":["GET"]}}],"collection":[{"href":"https:\/\/superinteressantes.com.br\/index.php\/wp-json\/wp\/v2\/posts"}],"about":[{"href":"https:\/\/superinteressantes.com.br\/index.php\/wp-json\/wp\/v2\/types\/post"}],"author":[{"embeddable":true,"href":"https:\/\/superinteressantes.com.br\/index.php\/wp-json\/wp\/v2\/users\/1"}],"replies":[{"embeddable":true,"href":"https:\/\/superinteressantes.com.br\/index.php\/wp-json\/wp\/v2\/comments?post=17967"}],"version-history":[{"count":0,"href":"https:\/\/superinteressantes.com.br\/index.php\/wp-json\/wp\/v2\/posts\/17967\/revisions"}],"wp:attachment":[{"href":"https:\/\/superinteressantes.com.br\/index.php\/wp-json\/wp\/v2\/media?parent=17967"}],"wp:term":[{"taxonomy":"category","embeddable":true,"href":"https:\/\/superinteressantes.com.br\/index.php\/wp-json\/wp\/v2\/categories?post=17967"},{"taxonomy":"post_tag","embeddable":true,"href":"https:\/\/superinteressantes.com.br\/index.php\/wp-json\/wp\/v2\/tags?post=17967"}],"curies":[{"name":"wp","href":"https:\/\/api.w.org\/{rel}","templated":true}]}}