{"id":17965,"date":"2024-11-02T17:28:07","date_gmt":"2024-11-02T20:28:07","guid":{"rendered":"https:\/\/superinteressantes.com.br\/index.php\/2024\/11\/02\/cet-rio-implanta-esquema-especial-de-transito-na-regiao-do-caju-neste-dia-de-finados-prefeitura-da-cidade-do-rio-de-janeiro\/"},"modified":"2024-11-02T17:28:07","modified_gmt":"2024-11-02T20:28:07","slug":"cet-rio-implanta-esquema-especial-de-transito-na-regiao-do-caju-neste-dia-de-finados-prefeitura-da-cidade-do-rio-de-janeiro","status":"publish","type":"post","link":"https:\/\/superinteressantes.com.br\/index.php\/2024\/11\/02\/cet-rio-implanta-esquema-especial-de-transito-na-regiao-do-caju-neste-dia-de-finados-prefeitura-da-cidade-do-rio-de-janeiro\/","title":{"rendered":"CET-Rio implanta esquema especial de tr\u00e2nsito na regi\u00e3o do Caju neste Dia de Finados &#8211; Prefeitura da Cidade do Rio de Janeiro"},"content":{"rendered":"<p><\/p>\n<div>\n<p>Haver\u00e1 estacionamento permitido, nos moldes do sistema \u201cRio Rotativo \u2013 Per\u00edodo \u00danico\u201d, na Avenida Monsenhor Manoel Gomes, no trecho compreendido entre a Avenida Brasil e a Rua General Sampaio, da seguinte forma:<\/p>\n<p>\u2013 Lado direito, lado oposto ao cemit\u00e9rio, exceto entre a linha f\u00e9rrea e a Rua General Sampaio, ao longo da guia da cal\u00e7ada;<\/p>\n<p>\u2013 Lado esquerdo, exceto no ponto de t\u00e1xi sinalizado e no trecho compreendido entre a linha f\u00e9rrea e a Rua General Sampaio, ao longo da guia da cal\u00e7ada e nas baias existentes, conforme sinaliza\u00e7\u00e3o.<\/p>\n<p>Agentes da Guarda Municipal e da CET-Rio atuar\u00e3o na implementa\u00e7\u00e3o das mudan\u00e7as vi\u00e1rias e orienta\u00e7\u00e3o dos motoristas.<\/p>\n<\/div>\n","protected":false},"excerpt":{"rendered":"<p>Haver\u00e1 estacionamento permitido, nos moldes do sistema \u201cRio Rotativo \u2013 Per\u00edodo \u00danico\u201d, na Avenida Monsenhor Manoel Gomes, no trecho compreendido entre a Avenida Brasil e a Rua General Sampaio, da seguinte forma: \u2013 Lado direito, lado oposto ao cemit\u00e9rio, exceto entre a linha f\u00e9rrea e a Rua General Sampaio, ao longo da guia da cal\u00e7ada; &#8230; <a title=\"CET-Rio implanta esquema especial de tr\u00e2nsito na regi\u00e3o do Caju neste Dia de Finados &#8211; Prefeitura da Cidade do Rio de Janeiro\" class=\"read-more\" href=\"https:\/\/superinteressantes.com.br\/index.php\/2024\/11\/02\/cet-rio-implanta-esquema-especial-de-transito-na-regiao-do-caju-neste-dia-de-finados-prefeitura-da-cidade-do-rio-de-janeiro\/\" aria-label=\"More on CET-Rio implanta esquema especial de tr\u00e2nsito na regi\u00e3o do Caju neste Dia de Finados &#8211; Prefeitura da Cidade do Rio de Janeiro\">Ler mais<\/a><\/p>\n","protected":false},"author":1,"featured_media":0,"comment_status":"","ping_status":"","sticky":false,"template":"","format":"standard","meta":{"footnotes":""},"categories":[1],"tags":[],"class_list":["post-17965","post","type-post","status-publish","format-standard","hentry","category-sem-categoria"],"amp_enabled":true,"_links":{"self":[{"href":"https:\/\/superinteressantes.com.br\/index.php\/wp-json\/wp\/v2\/posts\/17965","targetHints":{"allow":["GET"]}}],"collection":[{"href":"https:\/\/superinteressantes.com.br\/index.php\/wp-json\/wp\/v2\/posts"}],"about":[{"href":"https:\/\/superinteressantes.com.br\/index.php\/wp-json\/wp\/v2\/types\/post"}],"author":[{"embeddable":true,"href":"https:\/\/superinteressantes.com.br\/index.php\/wp-json\/wp\/v2\/users\/1"}],"replies":[{"embeddable":true,"href":"https:\/\/superinteressantes.com.br\/index.php\/wp-json\/wp\/v2\/comments?post=17965"}],"version-history":[{"count":0,"href":"https:\/\/superinteressantes.com.br\/index.php\/wp-json\/wp\/v2\/posts\/17965\/revisions"}],"wp:attachment":[{"href":"https:\/\/superinteressantes.com.br\/index.php\/wp-json\/wp\/v2\/media?parent=17965"}],"wp:term":[{"taxonomy":"category","embeddable":true,"href":"https:\/\/superinteressantes.com.br\/index.php\/wp-json\/wp\/v2\/categories?post=17965"},{"taxonomy":"post_tag","embeddable":true,"href":"https:\/\/superinteressantes.com.br\/index.php\/wp-json\/wp\/v2\/tags?post=17965"}],"curies":[{"name":"wp","href":"https:\/\/api.w.org\/{rel}","templated":true}]}}