{"id":17941,"date":"2024-11-02T04:46:32","date_gmt":"2024-11-02T07:46:32","guid":{"rendered":"https:\/\/superinteressantes.com.br\/index.php\/2024\/11\/02\/comlurb-realiza-campanha-de-incentivo-a-coleta-seletiva-na-praca-nossa-senhora-da-paz-em-ipanema-prefeitura-da-cidade-do-rio-de-janeiro\/"},"modified":"2024-11-02T04:46:32","modified_gmt":"2024-11-02T07:46:32","slug":"comlurb-realiza-campanha-de-incentivo-a-coleta-seletiva-na-praca-nossa-senhora-da-paz-em-ipanema-prefeitura-da-cidade-do-rio-de-janeiro","status":"publish","type":"post","link":"https:\/\/superinteressantes.com.br\/index.php\/2024\/11\/02\/comlurb-realiza-campanha-de-incentivo-a-coleta-seletiva-na-praca-nossa-senhora-da-paz-em-ipanema-prefeitura-da-cidade-do-rio-de-janeiro\/","title":{"rendered":"Comlurb realiza campanha de incentivo \u00e0 coleta seletiva na Pra\u00e7a Nossa Senhora da Paz, em Ipanema &#8211; Prefeitura da Cidade do Rio de Janeiro"},"content":{"rendered":"<p><\/p>\n<div id=\"main\">\n<div class=\"wrapper-breadcrumbs\" wp_automatic_readability=\"32.026871401152\">\n<div class=\"image-post\" wp_automatic_readability=\"33\">\n                     Atualmente, o servi\u00e7o de coleta seletiva da Comlurb atende a 122 bairros do Rio &#8211; Divulga\u00e7\u00e3o                  <\/div>\n<p>A campanha de incentivo \u00e0 coleta seletiva da Comlurb foi realizada na manh\u00e3 desta sexta-feira (1\/11) na feira livre da Pra\u00e7a Nossa Senhora da Paz, em Ipanema, na Zona Sul. A a\u00e7\u00e3o ocorre pelo menos uma vez por semana, desde mar\u00e7o do ano passado. Em 2023, o foco da Companhia foi direcionado \u00e0s pra\u00e7as e \u00e0s praias, com um total de 48 a\u00e7\u00f5es, em pontos de grande visibilidade das zonas Norte, Sul, Central e Oeste. Este ano, as a\u00e7\u00f5es est\u00e3o concentradas nas feiras livres de todas as regi\u00f5es da cidade.<\/p>\n<p>Durante a campanha, s\u00e3o distribu\u00eddos panfletos informativos, e t\u00e9cnicos tiram d\u00favidas e orientam a popula\u00e7\u00e3o. Atualmente, o servi\u00e7o de coleta seletiva da Comlurb atende a 122 bairros do Rio. Todo o material coletado \u00e9 entregue para 28 cooperativas de catadores, que fazem a separa\u00e7\u00e3o e comercializam os produtos. O lixo recicl\u00e1vel garante assim trabalho e renda aos cooperativados e suas fam\u00edlias. Atualmente, o recolhimento porta a porta \u00e9 feito uma vez por semana, em dias alternados aos da coleta domiciliar. A popula\u00e7\u00e3o pode se informar sobre o dia e o hor\u00e1rio da coleta em cada rua na p\u00e1gina do servi\u00e7o.<\/p>\n<p>Para que o ciclo da reciclagem obtenha \u00eaxito cada vez maior \u00e9 fundamental que os moradores participem desse processo, promovendo a separa\u00e7\u00e3o do lixo em suas resid\u00eancias. Sem a participa\u00e7\u00e3o da popula\u00e7\u00e3o, o servi\u00e7o de coleta seletiva se torna improdutivo. A Comlurb garante a limpeza de todas as feiras livres da cidade, com a varri\u00e7\u00e3o da extens\u00e3o da feira e do entorno, e limpeza hidr\u00e1ulica com \u00e1gua de reuso. A Companhia pede a colabora\u00e7\u00e3o dos feirantes para que os res\u00edduos sejam acondicionados corretamente em cont\u00eaineres ou em sacos pl\u00e1sticos para facilitar o trabalho dos garis e dar ainda mais agilidade ao servi\u00e7o de limpeza.<\/p>\n<p>             <!-- Compartilhe ---><\/p>\n<p>\t\t\t <!-- TAGS --><\/p>\n<section class=\"category-tags\">\n<div class=\"marcacao-category\">\n<article class=\"category-post\">\n<p>Categoria: <\/p>\n<\/article>\n<li>1 de novembro de 2024<\/li><\/div>\n<article class=\"tags\">\n\t\t\t\t\tMarca\u00e7\u00f5es: campanha coleta seletiva de lixo Comlurb Feiras livres Pra\u00e7a Nossa Senhora da Paz<br \/><\/article>\n<\/section>\n<p>            <!-- Mais Not&iacute;cias --><\/p>\n<p>\t\t<!-- Conte&uacute;do SIDEBAR --><\/p><\/div>\n<\/p><\/div>\n","protected":false},"excerpt":{"rendered":"<p>Atualmente, o servi\u00e7o de coleta seletiva da Comlurb atende a 122 bairros do Rio &#8211; Divulga\u00e7\u00e3o A campanha de incentivo \u00e0 coleta seletiva da Comlurb foi realizada na manh\u00e3 desta sexta-feira (1\/11) na feira livre da Pra\u00e7a Nossa Senhora da Paz, em Ipanema, na Zona Sul. A a\u00e7\u00e3o ocorre pelo menos uma vez por semana, &#8230; <a title=\"Comlurb realiza campanha de incentivo \u00e0 coleta seletiva na Pra\u00e7a Nossa Senhora da Paz, em Ipanema &#8211; Prefeitura da Cidade do Rio de Janeiro\" class=\"read-more\" href=\"https:\/\/superinteressantes.com.br\/index.php\/2024\/11\/02\/comlurb-realiza-campanha-de-incentivo-a-coleta-seletiva-na-praca-nossa-senhora-da-paz-em-ipanema-prefeitura-da-cidade-do-rio-de-janeiro\/\" aria-label=\"More on Comlurb realiza campanha de incentivo \u00e0 coleta seletiva na Pra\u00e7a Nossa Senhora da Paz, em Ipanema &#8211; Prefeitura da Cidade do Rio de Janeiro\">Ler mais<\/a><\/p>\n","protected":false},"author":1,"featured_media":0,"comment_status":"","ping_status":"","sticky":false,"template":"","format":"standard","meta":{"footnotes":""},"categories":[1],"tags":[],"class_list":["post-17941","post","type-post","status-publish","format-standard","hentry","category-sem-categoria"],"amp_enabled":true,"_links":{"self":[{"href":"https:\/\/superinteressantes.com.br\/index.php\/wp-json\/wp\/v2\/posts\/17941","targetHints":{"allow":["GET"]}}],"collection":[{"href":"https:\/\/superinteressantes.com.br\/index.php\/wp-json\/wp\/v2\/posts"}],"about":[{"href":"https:\/\/superinteressantes.com.br\/index.php\/wp-json\/wp\/v2\/types\/post"}],"author":[{"embeddable":true,"href":"https:\/\/superinteressantes.com.br\/index.php\/wp-json\/wp\/v2\/users\/1"}],"replies":[{"embeddable":true,"href":"https:\/\/superinteressantes.com.br\/index.php\/wp-json\/wp\/v2\/comments?post=17941"}],"version-history":[{"count":0,"href":"https:\/\/superinteressantes.com.br\/index.php\/wp-json\/wp\/v2\/posts\/17941\/revisions"}],"wp:attachment":[{"href":"https:\/\/superinteressantes.com.br\/index.php\/wp-json\/wp\/v2\/media?parent=17941"}],"wp:term":[{"taxonomy":"category","embeddable":true,"href":"https:\/\/superinteressantes.com.br\/index.php\/wp-json\/wp\/v2\/categories?post=17941"},{"taxonomy":"post_tag","embeddable":true,"href":"https:\/\/superinteressantes.com.br\/index.php\/wp-json\/wp\/v2\/tags?post=17941"}],"curies":[{"name":"wp","href":"https:\/\/api.w.org\/{rel}","templated":true}]}}