{"id":17939,"date":"2024-11-02T03:51:24","date_gmt":"2024-11-02T06:51:24","guid":{"rendered":"https:\/\/superinteressantes.com.br\/index.php\/2024\/11\/02\/corujao-exibe-hoje-sexta-01-11-na-globo-golpe-de-idade\/"},"modified":"2024-11-02T03:51:24","modified_gmt":"2024-11-02T06:51:24","slug":"corujao-exibe-hoje-sexta-01-11-na-globo-golpe-de-idade","status":"publish","type":"post","link":"https:\/\/superinteressantes.com.br\/index.php\/2024\/11\/02\/corujao-exibe-hoje-sexta-01-11-na-globo-golpe-de-idade\/","title":{"rendered":"Coruj\u00e3o exibe Hoje Sexta (01\/11) na Globo &#8211; Golpe de Idade"},"content":{"rendered":"<p> Por MRNews<br \/>\n<\/p>\n<div wp_automatic_readability=\"142.96232876712\">\n<p>COnfira a programa\u00e7\u00e3o da Globo\u00a0 <strong>hoje, 01\/11\/<\/strong><strong>2024 e que horas come\u00e7am os filmes de hoje.\u00a0<\/strong><\/p>\n<p><strong>Sexta-feira, 01\/11\/2024<\/strong><\/p>\n<p>Sess\u00e3o da Tarde<\/p>\n<p>Festa no C\u00e9u<\/p>\n<p>T\u00edtulo Original: The Book of Life<\/p>\n<p>Pa\u00eds de Origem: Americana<\/p>\n<p>Ano de Produ\u00e7\u00e3o: 2014<\/p>\n<p>Diretor: Jorge R. Gutierrez<\/p>\n<p>Elenco: Ron Perlman, Christina Applegate, Diego Luna, Zo\u00eb Salda\u00f1a, Channing<\/p>\n<p>Tatum, Kate del Castillo<\/p>\n<p>Classe: Com\u00e9dia<\/p>\n<p>Um grupo de crian\u00e7as \u00e9 encaminhado a uma visita guiada ao museu, como<\/p>\n<p>\u00b3puni\u00e7\u00e3o\u00b4pelo mau comportamento. L\u00e1, eles s\u00e3o apresentados ao \u201cLivro da<\/p>\n<p>Vida\u201d.<\/p>\n<p>Coruj\u00e3o I<\/p>\n<p>Golpe de Idade<\/p>\n<p>T\u00edtulo Original: Mas Sabe El Diablo Por Viejo<\/p>\n<p>Pa\u00eds de Origem: Mexicana<\/p>\n<p>Ano de Produ\u00e7\u00e3o: 2018<\/p>\n<p>Diretor: Jos\u00e9 Pepe Boj\u00f3rquez<\/p>\n<p>Elenco: Osvaldo Benavides, Sandra Echeverr\u00eda, Mart\u00edn Altomaro, Arturo Barba,<\/p>\n<p>Ignacio L\u00f3pez Tarso, Isela Vega, Lorena Vel\u00e1zquez, Tara Parra, Tina Romero,<\/p>\n<p>Patricio Castillo, Roger Cudney<\/p>\n<p>Classe: Com\u00e9dia<\/p>\n<p>Filme que trata da hist\u00f3ria de Teo, um jovem ator que se passar\u00e1 por um idoso e ir\u00e1 para um asilo onde conhecer\u00e1 Dafne, a zeladora do local.<\/p>\n<p>Sexta-feira, 01\/11\/2024<\/p>\n<p>04:00 Hora Um<\/p>\n<p>06:00 Bom Dia Pra\u00e7a<\/p>\n<p>08:30 Bom Dia Brasil<\/p>\n<p>09:30 Encontro Com Patr\u00edcia Poeta<\/p>\n<p>10:35 Mais Voc\u00ea<\/p>\n<p>11:45 Pra\u00e7a TV \u2013 1\u00aa Edi\u00e7\u00e3o<\/p>\n<p>13:00 Globo Esporte<\/p>\n<p>13:25 Jornal Hoje<\/p>\n<p>14:45 Edi\u00e7\u00e3o Especial \u2013 Cabocla<\/p>\n<p>15:25 Sess\u00e3o da Tarde \u2013 Festa No C\u00e9u<\/p>\n<p>17:00 Vale a Pena Ver de Novo \u2013 Alma G\u00eamea<\/p>\n<p>18:15 No Rancho Fundo<\/p>\n<p>19:10 Pra\u00e7a TV \u2013 2\u00aa Edi\u00e7\u00e3o<\/p>\n<p>19:40 Volta Por Cima<\/p>\n<p>20:30 Jornal Nacional<\/p>\n<p>21:20 Mania de Voc\u00ea<\/p>\n<p>22:25 Globo Rep\u00f3rter<\/p>\n<p>23:15 The Taste Brasil<\/p>\n<p>00:10 Jornal da Globo<\/p>\n<p>01:00 Conversa com Bial<\/p>\n<p>01:40 Volta Por Cima<\/p>\n<p>02:25 Com\u00e9dia Na Madruga I<\/p>\n<p>03:05 Corujao I \u2013 Golpe de Idade<\/p>\n<blockquote>\n<h3>Programa\u00e7\u00e3o da TV Globo \u2013 Sexta-feira, 01\/11\/2024<\/h3>\n<\/blockquote>\n<p>\u00a0<\/p>\n<p>Nesta sexta-feira, a TV Globo apresenta duas atra\u00e7\u00f5es cinematogr\u00e1ficas que prometem entreter os telespectadores: **Sess\u00e3o da Tarde** e **Coruj\u00e3o I**. Confira os detalhes das produ\u00e7\u00f5es que estar\u00e3o em exibi\u00e7\u00e3o.<\/p>\n<p>\u00a0<\/p>\n<h4>Sess\u00e3o da Tarde<\/h4>\n<p>\u00a0<\/p>\n<p>**Festa no C\u00e9u**<\/p>\n<p>\u2013 **T\u00edtulo Original:** The Book of Life<\/p>\n<p>\u2013 **Pa\u00eds de Origem:** Estados Unidos<\/p>\n<p>\u2013 **Ano de Produ\u00e7\u00e3o:** 2014<\/p>\n<p>\u2013 **Diretor:** Jorge R. Gutierrez<\/p>\n<p>\u2013 **Elenco:** Ron Perlman, Christina Applegate, Diego Luna, Zo\u00eb Salda\u00f1a, Channing Tatum, Kate del Castillo<\/p>\n<p>\u2013 **Classe:** Com\u00e9dia<\/p>\n<p>\u00a0<\/p>\n<p>Na anima\u00e7\u00e3o **Festa no C\u00e9u**, um grupo de crian\u00e7as \u00e9 enviado a uma visita guiada a um museu como puni\u00e7\u00e3o por seu mau comportamento. Durante a visita, elas s\u00e3o apresentadas ao \u201cLivro da Vida\u201d, que narra as hist\u00f3rias dos ancestrais e a cultura mexicana, trazendo temas de amor, coragem e a celebra\u00e7\u00e3o da vida. O filme \u00e9 uma bela representa\u00e7\u00e3o da tradi\u00e7\u00e3o do Dia dos Mortos e combina humor com uma mensagem significativa sobre a import\u00e2ncia da mem\u00f3ria e da cultura familiar.<\/p>\n<p>\u00a0<\/p>\n<h4>Coruj\u00e3o I<\/h4>\n<p>\u00a0<\/p>\n<p>**Golpe de Idade**<\/p>\n<p>\u2013 **T\u00edtulo Original:** Mas Sabe El Diablo Por Viejo<\/p>\n<p>\u2013 **Pa\u00eds de Origem:** M\u00e9xico<\/p>\n<p>\u2013 **Ano de Produ\u00e7\u00e3o:** 2018<\/p>\n<p>\u2013 **Diretor:** Jos\u00e9 Pepe Boj\u00f3rquez<\/p>\n<p>\u2013 **Elenco:** Osvaldo Benavides, Sandra Echeverr\u00eda, Mart\u00edn Altomaro, Arturo Barba, Ignacio L\u00f3pez Tarso, Isela Vega, Lorena Vel\u00e1zquez, Tara Parra, Tina Romero, Patricio Castillo, Roger Cudney<\/p>\n<p>\u2013 **Classe:** Com\u00e9dia<\/p>\n<p>\u00a0<\/p>\n<p>**Golpe de Idade** conta a hist\u00f3ria de Teo, um jovem ator que se disfar\u00e7a de idoso para entrar em um asilo. L\u00e1, ele conhece Dafne, a zeladora do local, e juntos vivem uma s\u00e9rie de aventuras e mal-entendidos. Este filme traz uma abordagem divertida e leve sobre a vida e a conviv\u00eancia intergeracional, ressaltando as rela\u00e7\u00f5es humanas em um ambiente pouco convencional.<\/p>\n<p>\u00a0<\/p>\n<h3>Dicas de Assist\u00eancia<\/h3>\n<p>Ambos os filmes podem ser acompanhados na TV Globo, e \u00e9 uma \u00f3tima oportunidade para reunir a fam\u00edlia e desfrutar de uma boa com\u00e9dia em uma sexta-feira. N\u00e3o se esque\u00e7a de conferir os hor\u00e1rios para n\u00e3o perder essas produ\u00e7\u00f5es que prometem divers\u00e3o e reflex\u00e3o!<\/p>\n<p>\u00a0<\/p>\n<p>Essas produ\u00e7\u00f5es s\u00e3o exemplos perfeitos da diversidade cinematogr\u00e1fica oferecida pela TV Globo, garantindo entretenimento de qualidade para todos os p\u00fablicos.<\/p>\n<p><!-- CONTENT END 2 --><\/p><\/div>\n","protected":false},"excerpt":{"rendered":"<p>Por MRNews COnfira a programa\u00e7\u00e3o da Globo\u00a0 hoje, 01\/11\/2024 e que horas come\u00e7am os filmes de hoje.\u00a0 Sexta-feira, 01\/11\/2024 Sess\u00e3o da Tarde Festa no C\u00e9u T\u00edtulo Original: The Book of Life Pa\u00eds de Origem: Americana Ano de Produ\u00e7\u00e3o: 2014 Diretor: Jorge R. Gutierrez Elenco: Ron Perlman, Christina Applegate, Diego Luna, Zo\u00eb Salda\u00f1a, Channing Tatum, Kate &#8230; <a title=\"Coruj\u00e3o exibe Hoje Sexta (01\/11) na Globo &#8211; Golpe de Idade\" class=\"read-more\" href=\"https:\/\/superinteressantes.com.br\/index.php\/2024\/11\/02\/corujao-exibe-hoje-sexta-01-11-na-globo-golpe-de-idade\/\" aria-label=\"More on Coruj\u00e3o exibe Hoje Sexta (01\/11) na Globo &#8211; Golpe de Idade\">Ler mais<\/a><\/p>\n","protected":false},"author":3,"featured_media":0,"comment_status":"","ping_status":"","sticky":false,"template":"","format":"standard","meta":{"footnotes":""},"categories":[1],"tags":[],"class_list":["post-17939","post","type-post","status-publish","format-standard","hentry","category-sem-categoria"],"amp_enabled":true,"_links":{"self":[{"href":"https:\/\/superinteressantes.com.br\/index.php\/wp-json\/wp\/v2\/posts\/17939","targetHints":{"allow":["GET"]}}],"collection":[{"href":"https:\/\/superinteressantes.com.br\/index.php\/wp-json\/wp\/v2\/posts"}],"about":[{"href":"https:\/\/superinteressantes.com.br\/index.php\/wp-json\/wp\/v2\/types\/post"}],"author":[{"embeddable":true,"href":"https:\/\/superinteressantes.com.br\/index.php\/wp-json\/wp\/v2\/users\/3"}],"replies":[{"embeddable":true,"href":"https:\/\/superinteressantes.com.br\/index.php\/wp-json\/wp\/v2\/comments?post=17939"}],"version-history":[{"count":0,"href":"https:\/\/superinteressantes.com.br\/index.php\/wp-json\/wp\/v2\/posts\/17939\/revisions"}],"wp:attachment":[{"href":"https:\/\/superinteressantes.com.br\/index.php\/wp-json\/wp\/v2\/media?parent=17939"}],"wp:term":[{"taxonomy":"category","embeddable":true,"href":"https:\/\/superinteressantes.com.br\/index.php\/wp-json\/wp\/v2\/categories?post=17939"},{"taxonomy":"post_tag","embeddable":true,"href":"https:\/\/superinteressantes.com.br\/index.php\/wp-json\/wp\/v2\/tags?post=17939"}],"curies":[{"name":"wp","href":"https:\/\/api.w.org\/{rel}","templated":true}]}}