{"id":17938,"date":"2024-11-02T03:13:20","date_gmt":"2024-11-02T06:13:20","guid":{"rendered":"https:\/\/superinteressantes.com.br\/index.php\/2024\/11\/02\/prefeitura-mantem-plantoes-de-atendimento-no-dia-de-finados\/"},"modified":"2024-11-02T03:13:20","modified_gmt":"2024-11-02T06:13:20","slug":"prefeitura-mantem-plantoes-de-atendimento-no-dia-de-finados","status":"publish","type":"post","link":"https:\/\/superinteressantes.com.br\/index.php\/2024\/11\/02\/prefeitura-mantem-plantoes-de-atendimento-no-dia-de-finados\/","title":{"rendered":"Prefeitura mant\u00e9m plant\u00f5es de atendimento no Dia de Finados"},"content":{"rendered":"<p><\/p>\n<div>\n<p><b>Cl\u00e1udio Ribeiro<\/b><br \/>&#13;<br \/>\n&#13;<br \/>\n                <span style=\"font-weight: bold;\">Secretaria de Gest\u00e3o Administrativa e Finan\u00e7as<\/span><\/p>\n<p><span style=\"font-weight: 400;\">No feriado de Finados, neste s\u00e1bado (2), a Prefeitura de S\u00e3o Jos\u00e9 dos Campos vai manter os plant\u00f5es de atendimento \u00e0 popula\u00e7\u00e3o. Estar\u00e3o fechados o Pa\u00e7o Municipal, as unidades b\u00e1sicas de sa\u00fade (UBS) e demais reparti\u00e7\u00f5es.<\/span><\/p>\n<p><span style=\"font-weight: 400;\">Os setores que normalmente abrem nesse dia da semana atender\u00e3o em hor\u00e1rios especiais.<\/span><\/p>\n<p><span class=\"intertitulo\">Sa\u00fade<\/span><\/p>\n<ul>&#13;<\/p>\n<li><span style=\"font-weight: 400;\">Hospitais e unidades de pronto atendimento (UPA) funcionam ininterruptamente<\/span><\/li>\n<p>&#13;<\/p>\n<li>Algumas unidades de especialidades e cl\u00ednicas conveniadas v\u00e3o atender os pacientes previamente agendados<\/li>\n<p>&#13;\n<\/ul>\n<p><span class=\"intertitulo\">Servi\u00e7os<\/span><\/p>\n<ul>&#13;<\/p>\n<li><span style=\"font-weight: 400;\">A coleta de lixo (comum e seletiva) e as feiras livres ser\u00e3o realizadas normalmente<\/span><\/li>\n<p>&#13;<\/p>\n<li>O Mercado Municipal abre \u00e0s 7h e encerra as atividades \u00e0s 14h<\/li>\n<p>&#13;<\/p>\n<li>Os postos de entrega volunt\u00e1ria de res\u00edduos (PEV) abrem das 8h \u00e0s 12h<\/li>\n<p>&#13;<\/p>\n<li>O atendimento 156 ser\u00e1 das 8h \u00e0s 20h<\/li>\n<p>&#13;\n<\/ul>\n<p><span class=\"intertitulo\">Emerg\u00eancia<\/span><\/p>\n<ul>&#13;<\/p>\n<li><span style=\"font-weight: 400;\">Os servi\u00e7os de emerg\u00eancia devem ser acionados pelo telefone 190 (Pol\u00edcia Militar) ou 153 (Guarda Civil Municipal)<\/span><\/li>\n<p>&#13;\n<\/ul>\n<p>&#13;<br \/>\n                        <strong>MAIS NOT\u00cdCIAS<\/strong><br \/>&#13;<br \/>\n                        Secretaria de Gest\u00e3o Administrativa e Finan\u00e7as&#13;\n                    <\/p>\n<\/p><\/div>\n","protected":false},"excerpt":{"rendered":"<p>Cl\u00e1udio Ribeiro&#13; &#13; Secretaria de Gest\u00e3o Administrativa e Finan\u00e7as No feriado de Finados, neste s\u00e1bado (2), a Prefeitura de S\u00e3o Jos\u00e9 dos Campos vai manter os plant\u00f5es de atendimento \u00e0 popula\u00e7\u00e3o. Estar\u00e3o fechados o Pa\u00e7o Municipal, as unidades b\u00e1sicas de sa\u00fade (UBS) e demais reparti\u00e7\u00f5es. Os setores que normalmente abrem nesse dia da semana atender\u00e3o &#8230; <a title=\"Prefeitura mant\u00e9m plant\u00f5es de atendimento no Dia de Finados\" class=\"read-more\" href=\"https:\/\/superinteressantes.com.br\/index.php\/2024\/11\/02\/prefeitura-mantem-plantoes-de-atendimento-no-dia-de-finados\/\" aria-label=\"More on Prefeitura mant\u00e9m plant\u00f5es de atendimento no Dia de Finados\">Ler mais<\/a><\/p>\n","protected":false},"author":1,"featured_media":0,"comment_status":"","ping_status":"","sticky":false,"template":"","format":"standard","meta":{"footnotes":""},"categories":[1],"tags":[],"class_list":["post-17938","post","type-post","status-publish","format-standard","hentry","category-sem-categoria"],"amp_enabled":true,"_links":{"self":[{"href":"https:\/\/superinteressantes.com.br\/index.php\/wp-json\/wp\/v2\/posts\/17938","targetHints":{"allow":["GET"]}}],"collection":[{"href":"https:\/\/superinteressantes.com.br\/index.php\/wp-json\/wp\/v2\/posts"}],"about":[{"href":"https:\/\/superinteressantes.com.br\/index.php\/wp-json\/wp\/v2\/types\/post"}],"author":[{"embeddable":true,"href":"https:\/\/superinteressantes.com.br\/index.php\/wp-json\/wp\/v2\/users\/1"}],"replies":[{"embeddable":true,"href":"https:\/\/superinteressantes.com.br\/index.php\/wp-json\/wp\/v2\/comments?post=17938"}],"version-history":[{"count":0,"href":"https:\/\/superinteressantes.com.br\/index.php\/wp-json\/wp\/v2\/posts\/17938\/revisions"}],"wp:attachment":[{"href":"https:\/\/superinteressantes.com.br\/index.php\/wp-json\/wp\/v2\/media?parent=17938"}],"wp:term":[{"taxonomy":"category","embeddable":true,"href":"https:\/\/superinteressantes.com.br\/index.php\/wp-json\/wp\/v2\/categories?post=17938"},{"taxonomy":"post_tag","embeddable":true,"href":"https:\/\/superinteressantes.com.br\/index.php\/wp-json\/wp\/v2\/tags?post=17938"}],"curies":[{"name":"wp","href":"https:\/\/api.w.org\/{rel}","templated":true}]}}