{"id":17933,"date":"2024-11-01T23:17:31","date_gmt":"2024-11-02T02:17:31","guid":{"rendered":"https:\/\/superinteressantes.com.br\/index.php\/2024\/11\/01\/gcm-captura-na-vila-hortencia-foragido-da-justica-que-participou-de-homicidio-em-ibiuna-agencia-de-noticias\/"},"modified":"2024-11-01T23:17:31","modified_gmt":"2024-11-02T02:17:31","slug":"gcm-captura-na-vila-hortencia-foragido-da-justica-que-participou-de-homicidio-em-ibiuna-agencia-de-noticias","status":"publish","type":"post","link":"https:\/\/superinteressantes.com.br\/index.php\/2024\/11\/01\/gcm-captura-na-vila-hortencia-foragido-da-justica-que-participou-de-homicidio-em-ibiuna-agencia-de-noticias\/","title":{"rendered":"GCM captura na Vila Hort\u00eancia foragido da Justi\u00e7a que participou de homic\u00eddio em Ibi\u00fana \u2013 Ag\u00eancia de Not\u00edcias"},"content":{"rendered":"<p><\/p>\n<div>\n<div class=\"col\">\n<p class=\"mt-0\">\n                        <strong><br \/>\n                            <span class=\"far fa-calendar mr-1 mt-2\"\/><br \/>\n                            1 de novembro de 2024<br \/>\n                            <span class=\"far fa-clock ml-3 mt-2\"\/><br \/>\n                            17:08<br \/>\n                        <\/strong>\n                    <\/p>\n<p class=\"mb-0\">Por: <strong>Eduardo Santinon (esantinon@sorocaba.sp.gov.br)<\/strong><\/p>\n<\/p><\/div>\n<\/p><\/div>\n<div>\n<p>\u00a0<\/p>\n<\/p>\n<p><em><strong>Foto: ARQUIVO\/SECOM<\/strong><\/em><\/p>\n<p>A Guarda Civil Municipal de Sorocaba (GCM) deteve, na manh\u00e3 desta sexta-feira (1), um homem de 26 anos de idade que estava foragido da Justi\u00e7a, acusado de participar de homic\u00eddio na cidade de Ibi\u00fana. Ap\u00f3s den\u00fancia, a GCM descobriu que ele trabalhava como pedreiro em uma obra na Vila Hort\u00eancia, na Zona Leste, local onde ocorreu a abordagem.<\/p>\n<p>Por volta das 11h10, uma equipe da GCM, que realizava patrulhamento preventivo pelo bairro, recebeu den\u00fancia de um mun\u00edcipe. Ele disse ter reconhecido, ap\u00f3s assistir a uma reportagem na televis\u00e3o, um dos envolvidos em assassinato ocorrido em Ibi\u00fana e apontou o im\u00f3vel onde o suspeito trabalhava como pedreiro.<\/p>\n<p>Os guardas pediram apoio de outra equipe da GCM e foram at\u00e9 o endere\u00e7o indicado. O propriet\u00e1rio autorizou a entrada e o suspeito foi localizado nos fundos da resid\u00eancia, de fato, trabalhando como pedreiro e utilizando outro nome.<\/p>\n<p>De imediato, admitiu ser procurado pela Justi\u00e7a e que estaria escondido por temer ser morto. Alegou que conduzia o ve\u00edculo que levou os autores do homic\u00eddio at\u00e9 o local onde o crime aconteceu. Ap\u00f3s consulta ao sistema e a confirma\u00e7\u00e3o de que o acusado era foragido, a GCM o encaminhou ao Plant\u00e3o da Pol\u00edcia Civil, para registro da ocorr\u00eancia de captura.<\/p>\n<\/p><\/div>\n","protected":false},"excerpt":{"rendered":"<p>1 de novembro de 2024 17:08 Por: Eduardo Santinon (esantinon@sorocaba.sp.gov.br) \u00a0 Foto: ARQUIVO\/SECOM A Guarda Civil Municipal de Sorocaba (GCM) deteve, na manh\u00e3 desta sexta-feira (1), um homem de 26 anos de idade que estava foragido da Justi\u00e7a, acusado de participar de homic\u00eddio na cidade de Ibi\u00fana. Ap\u00f3s den\u00fancia, a GCM descobriu que ele trabalhava &#8230; <a title=\"GCM captura na Vila Hort\u00eancia foragido da Justi\u00e7a que participou de homic\u00eddio em Ibi\u00fana \u2013 Ag\u00eancia de Not\u00edcias\" class=\"read-more\" href=\"https:\/\/superinteressantes.com.br\/index.php\/2024\/11\/01\/gcm-captura-na-vila-hortencia-foragido-da-justica-que-participou-de-homicidio-em-ibiuna-agencia-de-noticias\/\" aria-label=\"More on GCM captura na Vila Hort\u00eancia foragido da Justi\u00e7a que participou de homic\u00eddio em Ibi\u00fana \u2013 Ag\u00eancia de Not\u00edcias\">Ler mais<\/a><\/p>\n","protected":false},"author":1,"featured_media":0,"comment_status":"","ping_status":"","sticky":false,"template":"","format":"standard","meta":{"footnotes":""},"categories":[1],"tags":[],"class_list":["post-17933","post","type-post","status-publish","format-standard","hentry","category-sem-categoria"],"amp_enabled":true,"_links":{"self":[{"href":"https:\/\/superinteressantes.com.br\/index.php\/wp-json\/wp\/v2\/posts\/17933","targetHints":{"allow":["GET"]}}],"collection":[{"href":"https:\/\/superinteressantes.com.br\/index.php\/wp-json\/wp\/v2\/posts"}],"about":[{"href":"https:\/\/superinteressantes.com.br\/index.php\/wp-json\/wp\/v2\/types\/post"}],"author":[{"embeddable":true,"href":"https:\/\/superinteressantes.com.br\/index.php\/wp-json\/wp\/v2\/users\/1"}],"replies":[{"embeddable":true,"href":"https:\/\/superinteressantes.com.br\/index.php\/wp-json\/wp\/v2\/comments?post=17933"}],"version-history":[{"count":0,"href":"https:\/\/superinteressantes.com.br\/index.php\/wp-json\/wp\/v2\/posts\/17933\/revisions"}],"wp:attachment":[{"href":"https:\/\/superinteressantes.com.br\/index.php\/wp-json\/wp\/v2\/media?parent=17933"}],"wp:term":[{"taxonomy":"category","embeddable":true,"href":"https:\/\/superinteressantes.com.br\/index.php\/wp-json\/wp\/v2\/categories?post=17933"},{"taxonomy":"post_tag","embeddable":true,"href":"https:\/\/superinteressantes.com.br\/index.php\/wp-json\/wp\/v2\/tags?post=17933"}],"curies":[{"name":"wp","href":"https:\/\/api.w.org\/{rel}","templated":true}]}}