{"id":17931,"date":"2024-11-01T22:30:52","date_gmt":"2024-11-02T01:30:52","guid":{"rendered":"https:\/\/superinteressantes.com.br\/index.php\/2024\/11\/01\/aeroporto-passa-a-operar-rota-para-buenos-aires\/"},"modified":"2024-11-01T22:30:52","modified_gmt":"2024-11-02T01:30:52","slug":"aeroporto-passa-a-operar-rota-para-buenos-aires","status":"publish","type":"post","link":"https:\/\/superinteressantes.com.br\/index.php\/2024\/11\/01\/aeroporto-passa-a-operar-rota-para-buenos-aires\/","title":{"rendered":"Aeroporto passa a operar rota para Buenos Aires"},"content":{"rendered":"<p><\/p>\n<div>\n<p><b>Jos\u00e9 Roberto Amaral<\/b><br \/>&#13;<br \/>\n&#13;<br \/>\n                <span style=\"font-weight: bold;\">Secretaria de Inova\u00e7\u00e3o e Desenvolvimento Econ\u00f4mico<\/span><\/p>\n<p>O Aeroporto Prof. Urbano Ernesto Stumpf de S\u00e3o Jos\u00e9 dos Campos lan\u00e7ou na \u00faltima segunda-feira (28) sua primeira rota internacional com destino a Buenos Aires.<\/p>\n<p>A nova conex\u00e3o \u00e9 operada pela GOL Linhas A\u00e9reas, em aeronaves Boeing 737, e permite que os passageiros viajem para a capital argentina com uma \u00fanica conex\u00e3o no aeroporto internacional RIOGale\u00e3o, no Rio de Janeiro.<\/p>\n<p>A emiss\u00e3o dos cart\u00f5es de embarque e o despacho de bagagens s\u00e3o realizados diretamente no SJK Airport, em S\u00e3o Jos\u00e9.<\/p>\n<p>No Rio de Janeiro, os passageiros apenas trocam da \u00e1rea dom\u00e9stica para a internacional, simplificando o processo e eliminando a necessidade de novos procedimentos que seriam exigidos em uma compra separada de voos dom\u00e9sticos e internacionais.<\/p>\n<p>As partidas para Buenos Aires ocorrem \u00e0s segundas, quintas e s\u00e1bados, \u00e0s 6h da manh\u00e3, com retorno \u00e0s quartas, sextas e domingos, pousando em S\u00e3o Jos\u00e9 \u00e0s 22h55. As passagens j\u00e1 est\u00e3o dispon\u00edveis para compra no site e aplicativo da GOL, bem como em ag\u00eancias de viagem.<\/p>\n<p>Desde mar\u00e7o, quando o aeroporto retomou os voos de passageiros com a rota para o Rio de Janeiro, tamb\u00e9m \u00e9 poss\u00edvel fazer conex\u00f5es com mais de 20 destinos nacionais, entre eles v\u00e1rias capitais do Nordeste, Curitiba, Vit\u00f3ria e Florian\u00f3polis, entre outros destinos.<\/p>\n<p><span class=\"intertitulo\">Balan\u00e7o<\/span><\/p>\n<p>No final de setembro, o Aeroporto de S\u00e3o Jos\u00e9 dos Campos comemorou os bons resultados dos primeiros 6 meses de opera\u00e7\u00e3o da rota SJK-Rio, com mais de 20 mil passageiros transportados.<\/p>\n<p>Foram realizadas 184 opera\u00e7\u00f5es no per\u00edodo com altos \u00edndices de regularidade e pontualidade, segundo balan\u00e7o da SJK Airport.<\/p>\n<p>A rota registrou 100% de regularidade, com nenhum voo cancelado, e mais de 99% de pontualidade. A taxa de ocupa\u00e7\u00e3o ficou em torno de 70%, com picos de 99% em datas espec\u00edficas, como o show da Madonna e o Rock in Rio, na Cidade Maravilhosa.<\/p>\n<p>Destaque tamb\u00e9m para as f\u00e9rias de julho, quando a regi\u00e3o recebeu muitos visitantes de todo o Brasil, que vieram aproveitar a temporada de inverno de Campos do Jord\u00e3o e visitar o Vale da F\u00e9.<\/p>\n<p>&#13;<br \/>\n                        <strong>MAIS NOT\u00cdCIAS<\/strong><br \/>&#13;<br \/>\n                        Secretaria de Inova\u00e7\u00e3o e Desenvolvimento Econ\u00f4mico&#13;\n                    <\/p>\n<\/p><\/div>\n","protected":false},"excerpt":{"rendered":"<p>Jos\u00e9 Roberto Amaral&#13; &#13; Secretaria de Inova\u00e7\u00e3o e Desenvolvimento Econ\u00f4mico O Aeroporto Prof. Urbano Ernesto Stumpf de S\u00e3o Jos\u00e9 dos Campos lan\u00e7ou na \u00faltima segunda-feira (28) sua primeira rota internacional com destino a Buenos Aires. A nova conex\u00e3o \u00e9 operada pela GOL Linhas A\u00e9reas, em aeronaves Boeing 737, e permite que os passageiros viajem para &#8230; <a title=\"Aeroporto passa a operar rota para Buenos Aires\" class=\"read-more\" href=\"https:\/\/superinteressantes.com.br\/index.php\/2024\/11\/01\/aeroporto-passa-a-operar-rota-para-buenos-aires\/\" aria-label=\"More on Aeroporto passa a operar rota para Buenos Aires\">Ler mais<\/a><\/p>\n","protected":false},"author":1,"featured_media":0,"comment_status":"","ping_status":"","sticky":false,"template":"","format":"standard","meta":{"footnotes":""},"categories":[1],"tags":[],"class_list":["post-17931","post","type-post","status-publish","format-standard","hentry","category-sem-categoria"],"amp_enabled":true,"_links":{"self":[{"href":"https:\/\/superinteressantes.com.br\/index.php\/wp-json\/wp\/v2\/posts\/17931","targetHints":{"allow":["GET"]}}],"collection":[{"href":"https:\/\/superinteressantes.com.br\/index.php\/wp-json\/wp\/v2\/posts"}],"about":[{"href":"https:\/\/superinteressantes.com.br\/index.php\/wp-json\/wp\/v2\/types\/post"}],"author":[{"embeddable":true,"href":"https:\/\/superinteressantes.com.br\/index.php\/wp-json\/wp\/v2\/users\/1"}],"replies":[{"embeddable":true,"href":"https:\/\/superinteressantes.com.br\/index.php\/wp-json\/wp\/v2\/comments?post=17931"}],"version-history":[{"count":0,"href":"https:\/\/superinteressantes.com.br\/index.php\/wp-json\/wp\/v2\/posts\/17931\/revisions"}],"wp:attachment":[{"href":"https:\/\/superinteressantes.com.br\/index.php\/wp-json\/wp\/v2\/media?parent=17931"}],"wp:term":[{"taxonomy":"category","embeddable":true,"href":"https:\/\/superinteressantes.com.br\/index.php\/wp-json\/wp\/v2\/categories?post=17931"},{"taxonomy":"post_tag","embeddable":true,"href":"https:\/\/superinteressantes.com.br\/index.php\/wp-json\/wp\/v2\/tags?post=17931"}],"curies":[{"name":"wp","href":"https:\/\/api.w.org\/{rel}","templated":true}]}}