{"id":17930,"date":"2024-11-01T21:44:04","date_gmt":"2024-11-02T00:44:04","guid":{"rendered":"https:\/\/superinteressantes.com.br\/index.php\/2024\/11\/01\/participe-da-pesquisa-sobre-politicas-de-permanencia-estudantil-do-ifsp-ifsp\/"},"modified":"2024-11-01T21:44:04","modified_gmt":"2024-11-02T00:44:04","slug":"participe-da-pesquisa-sobre-politicas-de-permanencia-estudantil-do-ifsp-ifsp","status":"publish","type":"post","link":"https:\/\/superinteressantes.com.br\/index.php\/2024\/11\/01\/participe-da-pesquisa-sobre-politicas-de-permanencia-estudantil-do-ifsp-ifsp\/","title":{"rendered":"Participe da pesquisa sobre pol\u00edticas de perman\u00eancia estudantil do IFSP &#8211; IFSP"},"content":{"rendered":"<p><\/p>\n<div>\n<p><!-- fim .content-header-options-1 --><\/p>\n<p><span data-contrast=\"auto\">Se voc\u00ea \u00e9 estudante do IFSP e ingressou na Institui\u00e7\u00e3o entre os anos de 2022 e 2024, participe da pesquisa &#8220;Dez anos de Reserva de Vagas (cotas) e doze anos de Programa Nacional de Assist\u00eancia Estudantil (PNAES): para onde caminham as pol\u00edticas de acesso-perman\u00eancia do IFSP?&#8221;. <\/span><span data-ccp-props=\"{}\">\u00a0<\/span><\/p>\n<p><span data-contrast=\"auto\">O preenchimento do question\u00e1rio leva cerca de dez minutos. Acesse <strong>aqui<\/strong> o formul\u00e1rio e participe! <\/span><span data-ccp-props=\"{}\">\u00a0<\/span><\/p>\n<p><span data-contrast=\"auto\">Por meio da pesquisa, ser\u00e3o mapeadas quest\u00f5es a respeito das dificuldades e desafios para a perman\u00eancia no IFSP, como: qual a participa\u00e7\u00e3o nos programas de assist\u00eancia estudantil do IFSP dos estudantes que ingressaram via lei de cotas; quais s\u00e3o as principais dificuldades dos estudantes que ingressaram via lei de cotas para concluir seus cursos; como os programas de assist\u00eancia estudantil do IFSP t\u00eam contribu\u00eddo para a perman\u00eancia estudantil.<\/span><span data-ccp-props=\"{}\">\u00a0<\/span><\/p>\n<p><span data-contrast=\"auto\">O principal objetivo da pesquisa\u00a0\u00e9 avaliar a efetividade da Lei n. 12.711\/2012 (Lei de Cotas) e suas congru\u00eancias com o Programa Nacional de Assist\u00eancia Estudantil (PNAES) no\u00a0IFSP, considerando os resultados obtidos ap\u00f3s 12 anos de exist\u00eancia do PNAES e 10 anos da Lei de Cotas no que diz respeito \u00e0 amplia\u00e7\u00e3o do acesso\u00a0dos estudantes \u00e0 educa\u00e7\u00e3o p\u00fablica federal e \u00e0 perman\u00eancia deles no \u00e2mbito do IFSP. <\/span><span data-ccp-props=\"{}\">\u00a0<\/span><\/p>\n<p><span data-contrast=\"auto\">Trata-se de uma iniciativa independente da gest\u00e3o do IFSP, coordenada pela assistente social Michelli Daros, com financiamento do Conselho Nacional de Desenvolvimento Cient\u00edfico e Tecnol\u00f3gico, CNPq. A equipe respons\u00e1vel pela pesquisa inclui t\u00e9cnicos, professores e estudantes de v\u00e1rios campi.<\/span><span data-ccp-props=\"{}\">\u00a0<\/span><\/p>\n<p><span data-contrast=\"auto\"> O question\u00e1rio estar\u00e1 aberto at\u00e9 o dia 20 de dezembro de 2024. Se tiver alguma d\u00favida, entre em contato pelo e-mail: <\/span><b><span data-contrast=\"auto\"><!-- This email address is being protected from spambots. --><span class=\"cloaked_email ep_d78077f4\"><span data-ep-af2ac=\"pesqui\" data-ep-b8ef9=\"om\"><span data-ep-af2ac=\"saestu\" data-ep-b8ef9=\"mail.c\"><span data-ep-af2ac=\"dantes\" data-ep-b8ef9=\"ifsp@g\"\/><\/span><\/span><\/span><\/span><\/b><span data-ccp-props=\"{}\">\u00a0<\/span><\/p>\n<\/div>\n","protected":false},"excerpt":{"rendered":"<p>Se voc\u00ea \u00e9 estudante do IFSP e ingressou na Institui\u00e7\u00e3o entre os anos de 2022 e 2024, participe da pesquisa &#8220;Dez anos de Reserva de Vagas (cotas) e doze anos de Programa Nacional de Assist\u00eancia Estudantil (PNAES): para onde caminham as pol\u00edticas de acesso-perman\u00eancia do IFSP?&#8221;. \u00a0 O preenchimento do question\u00e1rio leva cerca de dez &#8230; <a title=\"Participe da pesquisa sobre pol\u00edticas de perman\u00eancia estudantil do IFSP &#8211; IFSP\" class=\"read-more\" href=\"https:\/\/superinteressantes.com.br\/index.php\/2024\/11\/01\/participe-da-pesquisa-sobre-politicas-de-permanencia-estudantil-do-ifsp-ifsp\/\" aria-label=\"More on Participe da pesquisa sobre pol\u00edticas de perman\u00eancia estudantil do IFSP &#8211; IFSP\">Ler mais<\/a><\/p>\n","protected":false},"author":1,"featured_media":0,"comment_status":"","ping_status":"","sticky":false,"template":"","format":"standard","meta":{"footnotes":""},"categories":[1],"tags":[],"class_list":["post-17930","post","type-post","status-publish","format-standard","hentry","category-sem-categoria"],"amp_enabled":true,"_links":{"self":[{"href":"https:\/\/superinteressantes.com.br\/index.php\/wp-json\/wp\/v2\/posts\/17930","targetHints":{"allow":["GET"]}}],"collection":[{"href":"https:\/\/superinteressantes.com.br\/index.php\/wp-json\/wp\/v2\/posts"}],"about":[{"href":"https:\/\/superinteressantes.com.br\/index.php\/wp-json\/wp\/v2\/types\/post"}],"author":[{"embeddable":true,"href":"https:\/\/superinteressantes.com.br\/index.php\/wp-json\/wp\/v2\/users\/1"}],"replies":[{"embeddable":true,"href":"https:\/\/superinteressantes.com.br\/index.php\/wp-json\/wp\/v2\/comments?post=17930"}],"version-history":[{"count":0,"href":"https:\/\/superinteressantes.com.br\/index.php\/wp-json\/wp\/v2\/posts\/17930\/revisions"}],"wp:attachment":[{"href":"https:\/\/superinteressantes.com.br\/index.php\/wp-json\/wp\/v2\/media?parent=17930"}],"wp:term":[{"taxonomy":"category","embeddable":true,"href":"https:\/\/superinteressantes.com.br\/index.php\/wp-json\/wp\/v2\/categories?post=17930"},{"taxonomy":"post_tag","embeddable":true,"href":"https:\/\/superinteressantes.com.br\/index.php\/wp-json\/wp\/v2\/tags?post=17930"}],"curies":[{"name":"wp","href":"https:\/\/api.w.org\/{rel}","templated":true}]}}