{"id":17929,"date":"2024-11-01T20:56:20","date_gmt":"2024-11-01T23:56:20","guid":{"rendered":"https:\/\/superinteressantes.com.br\/index.php\/2024\/11\/01\/ponte-das-tres-ruas-e-simbolo-da-parceria-da-prefeitura-de-joao-pessoa-com-o-governo-do-estado-diz-cicero-lucena\/"},"modified":"2024-11-01T20:56:20","modified_gmt":"2024-11-01T23:56:20","slug":"ponte-das-tres-ruas-e-simbolo-da-parceria-da-prefeitura-de-joao-pessoa-com-o-governo-do-estado-diz-cicero-lucena","status":"publish","type":"post","link":"https:\/\/superinteressantes.com.br\/index.php\/2024\/11\/01\/ponte-das-tres-ruas-e-simbolo-da-parceria-da-prefeitura-de-joao-pessoa-com-o-governo-do-estado-diz-cicero-lucena\/","title":{"rendered":"\u201cPonte das Tr\u00eas Ruas \u00e9 s\u00edmbolo da parceria da Prefeitura de Jo\u00e3o Pessoa com o Governo do Estado\u201d, diz C\u00edcero Lucena"},"content":{"rendered":"<p><\/p>\n<div>\n<p>Em setembro, a Prefeitura de Jo\u00e3o Pessoa entregou o Parque das Tr\u00eas Ruas, com espa\u00e7os de lazer e conviv\u00eancia no bairro dos Banc\u00e1rios. Nesta sexta-feira (1\u00ba), o Governo da Para\u00edba inaugurou a ponte Engenheiro Serafim Rodriguez Martinez, que se conecta ao parque para ligar os Banc\u00e1rios \u00e0 Cidade Universit\u00e1ria. As duas interven\u00e7\u00f5es, segundo o prefeito C\u00edcero Lucena, representa o s\u00edmbolo maior da parceria entre os governos municipal e estadual.<\/p>\n<figure class=\"wp-block-gallery has-nested-images columns-default is-cropped wp-block-gallery-1 is-layout-flex wp-block-gallery-is-layout-flex\">\n<figure class=\"wp-block-image size-large\"><\/figure>\n<figure class=\"wp-block-image size-large\"><\/figure>\n<figure class=\"wp-block-image size-large\"><\/figure>\n<figure class=\"wp-block-image size-large\"><\/figure>\n<figure class=\"wp-block-image size-large\"><\/figure>\n<\/figure>\n<p>Ao lado do governador Jo\u00e3o Azev\u00eado, do vice-governador Lucas Ribeiro, do vice-prefeito Leo Bezerra e de diversas autoridades, C\u00edcero Lucena esteve presente na solenidade de entrega da obra, considerada uma das mais importantes para a mobilidade urbana de Jo\u00e3o Pessoa, com investimento de R$ 15 milh\u00f5es do Governo da Para\u00edba.<\/p>\n<p>\u201cIsso \u00e9 que \u00e9 importante, \u00e9 a parceria, Governo do Estado e Prefeitura de Jo\u00e3o Pessoa, cada um fazendo a sua parte, complementando as a\u00e7\u00f5es, trazendo sempre a melhoria da mobilidade da nossa cidade\u201d, destacou C\u00edcero Lucena.<\/p>\n<p>\u201cNo transporte coletivo dos quatro grandes corredores da nossa cidade, bem como os cinco terminais de integra\u00e7\u00e3o, que em breve estar\u00e3o entrando em processo de licita\u00e7\u00e3o\u201d, concluiu.<\/p>\n<figure class=\"wp-block-gallery has-nested-images columns-default is-cropped wp-block-gallery-2 is-layout-flex wp-block-gallery-is-layout-flex\">\n<figure class=\"wp-block-image size-large\"><\/figure>\n<figure class=\"wp-block-image size-large\"><\/figure>\n<figure class=\"wp-block-image size-large\"><\/figure>\n<figure class=\"wp-block-image size-large\"><\/figure>\n<figure class=\"wp-block-image size-large\"><\/figure>\n<figure class=\"wp-block-image size-large\"><\/figure>\n<\/figure>\n<p>A Ponte das Tr\u00eas Ruas liga as ruas General Alfredo Floro Cantalice e Banc\u00e1rio Waldemar de Mesquita Accioly, ambas no Parque das Tr\u00eas Ruas, \u00e0 rua Tabeli\u00e3o Estanislau Eloy (que contorna a UFPB), uma solu\u00e7\u00e3o estrat\u00e9gica para desafogar o tr\u00e2nsito naquele bairro. A ponte possui 80 metros de comprimento, 15 metros altura e 25 metros de largura e tamb\u00e9m foram constru\u00eddas duas rotat\u00f3rias, uma na avenida por tr\u00e1s do Campus da Universidade Federal e outra nos Banc\u00e1rios, o que vai facilitar o tr\u00e1fego de ve\u00edculos nos dois sentidos. O trecho total tem 160 metros em pista dupla.<\/p>\n<p>\u201cUma obra sonhada h\u00e1 muito tempo pela popula\u00e7\u00e3o, que numa feliz coincid\u00eancia, temos um Estado junto com a prefeitura realizando uma obra que ficou completa agora. Celebrar isso aqui, porque quem estava nas Tr\u00eas Ruas e precisava se deslocar at\u00e9 o Hospital Universit\u00e1rio, tinha que enfrentar todo aquele fluxo da principal dos Banc\u00e1rios \u2013 agora tem esse acesso r\u00e1pido. Uma grande obra de mobilidade, junto com um belo parque\u201d, afirmou o governador Jo\u00e3o Azev\u00eado.<\/p>\n<p>O vice-prefeito Leo Bezerra lembrou que poucos dias ap\u00f3s a elei\u00e7\u00e3o municipal, Prefeitura e Governo do Estado seguem entregando obras em conjunto e pensando a cidade de Jo\u00e3o Pessoa. \u201cComo eu sempre digo, n\u00f3s temos um projeto para a cidade, diferente de muitos que fazem uma chapa para concorrer a uma elei\u00e7\u00e3o ou para tentar ganhar uma elei\u00e7\u00e3o. N\u00f3s temos um projeto para a cidade, um projeto para o estado, que \u00e9 capitaneado pelo governador Jo\u00e3o Azev\u00eado e pelo prefeito C\u00edcero Lucena, numa parceria de gest\u00e3o para melhorar a vida das pessoas\u201d, avaliou.<\/p>\n<figure class=\"wp-block-gallery has-nested-images columns-default is-cropped wp-block-gallery-3 is-layout-flex wp-block-gallery-is-layout-flex\">\n<figure class=\"wp-block-image size-large\"><\/figure>\n<figure class=\"wp-block-image size-large\"><\/figure>\n<figure class=\"wp-block-image size-large\"><\/figure>\n<\/figure>\n<p><strong>Homenagem<\/strong> \u2013 A Ponte das Tr\u00eas Ruas recebe o nome de Serafim Rodriguez Martinez, primeiro diretor do Departamento de Estradas e Rodagens (DER). Em mem\u00f3ria, sua filha Silvia Boto Targino agradeceu \u00e0 homenagem. \u201cFeliz a fam\u00edlia que v\u00ea o seu patriarca, mesmo depois de morto, receber reconhecimento da sociedade com rela\u00e7\u00e3o \u00e0s obras executadas no curso de sua vida profissional. Serafim foi um homem muito simples, nunca gostou de ostenta\u00e7\u00e3o, sempre muito humilde, mesmo ocupando cargos relevantes de comando no Executivo do Estado\u201d, destacou.<\/p>\n<\/p><\/div>\n","protected":false},"excerpt":{"rendered":"<p>Em setembro, a Prefeitura de Jo\u00e3o Pessoa entregou o Parque das Tr\u00eas Ruas, com espa\u00e7os de lazer e conviv\u00eancia no bairro dos Banc\u00e1rios. Nesta sexta-feira (1\u00ba), o Governo da Para\u00edba inaugurou a ponte Engenheiro Serafim Rodriguez Martinez, que se conecta ao parque para ligar os Banc\u00e1rios \u00e0 Cidade Universit\u00e1ria. As duas interven\u00e7\u00f5es, segundo o prefeito &#8230; <a title=\"\u201cPonte das Tr\u00eas Ruas \u00e9 s\u00edmbolo da parceria da Prefeitura de Jo\u00e3o Pessoa com o Governo do Estado\u201d, diz C\u00edcero Lucena\" class=\"read-more\" href=\"https:\/\/superinteressantes.com.br\/index.php\/2024\/11\/01\/ponte-das-tres-ruas-e-simbolo-da-parceria-da-prefeitura-de-joao-pessoa-com-o-governo-do-estado-diz-cicero-lucena\/\" aria-label=\"More on \u201cPonte das Tr\u00eas Ruas \u00e9 s\u00edmbolo da parceria da Prefeitura de Jo\u00e3o Pessoa com o Governo do Estado\u201d, diz C\u00edcero Lucena\">Ler mais<\/a><\/p>\n","protected":false},"author":1,"featured_media":0,"comment_status":"","ping_status":"","sticky":false,"template":"","format":"standard","meta":{"footnotes":""},"categories":[1],"tags":[],"class_list":["post-17929","post","type-post","status-publish","format-standard","hentry","category-sem-categoria"],"amp_enabled":true,"_links":{"self":[{"href":"https:\/\/superinteressantes.com.br\/index.php\/wp-json\/wp\/v2\/posts\/17929","targetHints":{"allow":["GET"]}}],"collection":[{"href":"https:\/\/superinteressantes.com.br\/index.php\/wp-json\/wp\/v2\/posts"}],"about":[{"href":"https:\/\/superinteressantes.com.br\/index.php\/wp-json\/wp\/v2\/types\/post"}],"author":[{"embeddable":true,"href":"https:\/\/superinteressantes.com.br\/index.php\/wp-json\/wp\/v2\/users\/1"}],"replies":[{"embeddable":true,"href":"https:\/\/superinteressantes.com.br\/index.php\/wp-json\/wp\/v2\/comments?post=17929"}],"version-history":[{"count":0,"href":"https:\/\/superinteressantes.com.br\/index.php\/wp-json\/wp\/v2\/posts\/17929\/revisions"}],"wp:attachment":[{"href":"https:\/\/superinteressantes.com.br\/index.php\/wp-json\/wp\/v2\/media?parent=17929"}],"wp:term":[{"taxonomy":"category","embeddable":true,"href":"https:\/\/superinteressantes.com.br\/index.php\/wp-json\/wp\/v2\/categories?post=17929"},{"taxonomy":"post_tag","embeddable":true,"href":"https:\/\/superinteressantes.com.br\/index.php\/wp-json\/wp\/v2\/tags?post=17929"}],"curies":[{"name":"wp","href":"https:\/\/api.w.org\/{rel}","templated":true}]}}