{"id":17921,"date":"2024-11-01T16:12:17","date_gmt":"2024-11-01T19:12:17","guid":{"rendered":"https:\/\/superinteressantes.com.br\/index.php\/2024\/11\/01\/diretor-executivo-da-funjope-ministra-palestra-na-expo-favela-paraiba\/"},"modified":"2024-11-01T16:12:17","modified_gmt":"2024-11-01T19:12:17","slug":"diretor-executivo-da-funjope-ministra-palestra-na-expo-favela-paraiba","status":"publish","type":"post","link":"https:\/\/superinteressantes.com.br\/index.php\/2024\/11\/01\/diretor-executivo-da-funjope-ministra-palestra-na-expo-favela-paraiba\/","title":{"rendered":"Diretor executivo da Funjope ministra palestra na Expo Favela Para\u00edba"},"content":{"rendered":"<p><\/p>\n<div>\n<p>O diretor executivo da Funda\u00e7\u00e3o Cultural de Jo\u00e3o Pessoa (Funjope), Marcus Alves, ministra, neste domingo (3), \u00e0s 16h25, a palestra \u2018Ferramenta Cultura como Mecanismo de Valoriza\u00e7\u00e3o dos Territ\u00f3rios\u2019, durante a Expo Favela Innovation Para\u00edba 2024. O evento, que acontece desta sexta-feira (1) at\u00e9 o dia 3 de novembro, na Usina Cultural Energisa, \u00e9 realizado pela Central \u00danica das Favelas (CUFA) na Para\u00edba.<\/p>\n<figure class=\"wp-block-gallery has-nested-images columns-default is-cropped wp-block-gallery-1 is-layout-flex wp-block-gallery-is-layout-flex\">\n<figure class=\"wp-block-image size-large\"><\/figure>\n<figure class=\"wp-block-image size-large\"><\/figure>\n<\/figure>\n<p>\u201cA gente fica muito feliz, muito contente de poder estar junto com a Central \u00danica das Favelas nessa grande a\u00e7\u00e3o que \u00e9 a Expo Favela. Este \u00e9 o segundo ano consecutivo que a Prefeitura de Jo\u00e3o Pessoa participa de forma ativa. A Funjope tem sido protagonista na pol\u00edtica de valoriza\u00e7\u00e3o e de acolhimento de artistas da periferia, na maioria pretos e pretas. Temos feito editais muito focados nessa comunidade e n\u00f3s temos a certeza de que nenhuma sociedade pode desqualificar, criminalizar as pessoas e os artistas que vivem em comunidades, que vivem na periferia\u201d, avalia Marcus Alves.<\/p>\n<p>Ele acrescenta que a Prefeitura de Jo\u00e3o Pessoa est\u00e1 cuidando, protegendo e estimulando a cultura e a arte que v\u00eam da periferia. \u201cA periferia \u00e9 um lugar que tem muito empreendedorismo, muitas pessoas s\u00e9rias, respons\u00e1veis e que t\u00eam trabalhado bastante para o desenvolvimento da nossa cidade, sobretudo, na \u00e1rea da cultura\u201d, afirma.<\/p>\n<p>Kaline Lima, presidente da CUFA Nacional, tamb\u00e9m ressalta a import\u00e2ncia do papel do Munic\u00edpio. \u201cA Prefeitura de Jo\u00e3o Pessoa tem feito toda a diferen\u00e7a em projetos que impulsionam as favelas da capital, tanto na \u00e1rea de esportes, quanto empreendedorismo e, principalmente, na cultura. A Funjope \u00e9 uma das grandes respons\u00e1veis por esse fomento e a gente entende que esse trabalho gera um impacto significativo nos territ\u00f3rios. Desde a pandemia, temos caminhado juntos com a Funjope e \u00e9 sobre essa pol\u00edtica p\u00fablica que o painel se prop\u00f5e a debater. Trazer para os participantes, informa\u00e7\u00f5es importantes sobre as a\u00e7\u00f5es que contemplam essa popula\u00e7\u00e3o e como podemos ter acesso \u00e0s oportunidades\u201d, observa.<\/p>\n<p>Com projeto da Favela Holding, a Expo Favela Para\u00edba \u00e9 uma realiza\u00e7\u00e3o da CUFA Para\u00edba atrav\u00e9s do Centro Integrado de Favelas e Artes Urbanas (CIFAU). A produ\u00e7\u00e3o executiva \u00e9 da Campo Minado Produ\u00e7\u00f5es e Guar\u00edba Produ\u00e7\u00f5es.<\/p>\n<p>Nesta edi\u00e7\u00e3o, o evento conta com o apoio institucional do Governo da Para\u00edba, atrav\u00e9s do Empreender-PB e Secretaria de Ci\u00eancia, Tecnologia, Inova\u00e7\u00e3o e Ensino Superior do Estado da Para\u00edba (Secties), Sebrae e Prefeitura de Jo\u00e3o Pessoa.<\/p>\n<p>A Expo Favela tem ainda patroc\u00ednio do Banco do Nordeste e apoio da Energisa PB, com coopera\u00e7\u00e3o da TV Globo, atrav\u00e9s das TVs Cabo Branco e Para\u00edba.<\/p>\n<\/p><\/div>\n","protected":false},"excerpt":{"rendered":"<p>O diretor executivo da Funda\u00e7\u00e3o Cultural de Jo\u00e3o Pessoa (Funjope), Marcus Alves, ministra, neste domingo (3), \u00e0s 16h25, a palestra \u2018Ferramenta Cultura como Mecanismo de Valoriza\u00e7\u00e3o dos Territ\u00f3rios\u2019, durante a Expo Favela Innovation Para\u00edba 2024. O evento, que acontece desta sexta-feira (1) at\u00e9 o dia 3 de novembro, na Usina Cultural Energisa, \u00e9 realizado pela &#8230; <a title=\"Diretor executivo da Funjope ministra palestra na Expo Favela Para\u00edba\" class=\"read-more\" href=\"https:\/\/superinteressantes.com.br\/index.php\/2024\/11\/01\/diretor-executivo-da-funjope-ministra-palestra-na-expo-favela-paraiba\/\" aria-label=\"More on Diretor executivo da Funjope ministra palestra na Expo Favela Para\u00edba\">Ler mais<\/a><\/p>\n","protected":false},"author":1,"featured_media":0,"comment_status":"","ping_status":"","sticky":false,"template":"","format":"standard","meta":{"footnotes":""},"categories":[1],"tags":[],"class_list":["post-17921","post","type-post","status-publish","format-standard","hentry","category-sem-categoria"],"amp_enabled":true,"_links":{"self":[{"href":"https:\/\/superinteressantes.com.br\/index.php\/wp-json\/wp\/v2\/posts\/17921","targetHints":{"allow":["GET"]}}],"collection":[{"href":"https:\/\/superinteressantes.com.br\/index.php\/wp-json\/wp\/v2\/posts"}],"about":[{"href":"https:\/\/superinteressantes.com.br\/index.php\/wp-json\/wp\/v2\/types\/post"}],"author":[{"embeddable":true,"href":"https:\/\/superinteressantes.com.br\/index.php\/wp-json\/wp\/v2\/users\/1"}],"replies":[{"embeddable":true,"href":"https:\/\/superinteressantes.com.br\/index.php\/wp-json\/wp\/v2\/comments?post=17921"}],"version-history":[{"count":0,"href":"https:\/\/superinteressantes.com.br\/index.php\/wp-json\/wp\/v2\/posts\/17921\/revisions"}],"wp:attachment":[{"href":"https:\/\/superinteressantes.com.br\/index.php\/wp-json\/wp\/v2\/media?parent=17921"}],"wp:term":[{"taxonomy":"category","embeddable":true,"href":"https:\/\/superinteressantes.com.br\/index.php\/wp-json\/wp\/v2\/categories?post=17921"},{"taxonomy":"post_tag","embeddable":true,"href":"https:\/\/superinteressantes.com.br\/index.php\/wp-json\/wp\/v2\/tags?post=17921"}],"curies":[{"name":"wp","href":"https:\/\/api.w.org\/{rel}","templated":true}]}}