{"id":17915,"date":"2024-11-01T13:49:35","date_gmt":"2024-11-01T16:49:35","guid":{"rendered":"https:\/\/superinteressantes.com.br\/index.php\/2024\/11\/01\/trabalha-rio-faz-acoes-em-cozinhas-comunitarias-e-em-festival-de-vida-sustentavel-prefeitura-da-cidade-do-rio-de-janeiro\/"},"modified":"2024-11-01T13:49:35","modified_gmt":"2024-11-01T16:49:35","slug":"trabalha-rio-faz-acoes-em-cozinhas-comunitarias-e-em-festival-de-vida-sustentavel-prefeitura-da-cidade-do-rio-de-janeiro","status":"publish","type":"post","link":"https:\/\/superinteressantes.com.br\/index.php\/2024\/11\/01\/trabalha-rio-faz-acoes-em-cozinhas-comunitarias-e-em-festival-de-vida-sustentavel-prefeitura-da-cidade-do-rio-de-janeiro\/","title":{"rendered":"Trabalha Rio faz a\u00e7\u00f5es em cozinhas comunit\u00e1rias e em festival de vida sustent\u00e1vel &#8211; Prefeitura da Cidade do Rio de Janeiro"},"content":{"rendered":"<p><\/p>\n<div id=\"main\">\n<div class=\"wrapper-breadcrumbs\" wp_automatic_readability=\"54.711941813261\">\n<div class=\"image-post\" wp_automatic_readability=\"33\">\n                     Servi\u00e7o de cadastramento de curr\u00edculo vai a quatro bairros na pr\u00f3xima semana &#8211; Roberto Moreyra\/SMTE                  <\/div>\n<p>O Trabalha Rio, servi\u00e7o de cadastramento de curr\u00edculos no banco de oportunidades da Secretaria Municipal de Trabalho e Renda (SMTE), estar\u00e1 na pr\u00f3xima semana em quatro bairros da cidade. A primeira parada ser\u00e1 na ter\u00e7a-feira (5\/11), das 10h \u00e0s 14h, na Cozinha Comunit\u00e1ria Carioca Instituto Sol, na Rua Jundi\u00e1, 179, em Bento Ribeiro. E a \u00faltima ser\u00e1 no s\u00e1bado (9\/11), das 12h \u00e0s 15h, durante o festival de vida sustent\u00e1vel LivMundi na Arena Cultural Dicr\u00f3 (Parque Ari Barroso \u2013 Entrada pela Rua Flora L\u00f4bo, s\/n, na Penha Circular).<\/p>\n<p>Em todas as a\u00e7\u00f5es do Trabalha Rio, o atendimento estar\u00e1 sujeito a senhas. Portanto, \u00e9 bom chegar cedo. O mutir\u00e3o de cadastramento de curr\u00edculos tamb\u00e9m estar\u00e1 na quinta-feira (7\/11) na Escola Municipal Professor Neemias Rodrigues de Mello, em Sepetiba (Avenida Seis, 55, 149). Nesta a\u00e7\u00e3o, em parceria com a Secretaria Municipal de Assist\u00eancia Social e o Comit\u00ea Municipal de Pol\u00edticas para a Promo\u00e7\u00e3o da Documenta\u00e7\u00e3o Civil (COMDOC), ser\u00e3o oferecidos, al\u00e9m de a\u00e7\u00f5es de inser\u00e7\u00e3o no mercado de trabalho, aux\u00edlio para a emiss\u00e3o de documentos. As atividades ir\u00e3o das 10h \u00e0s 15h.<\/p>\n<p>Na sexta-feira (8\/11), o dia ser\u00e1 dedicado aos 280 benefici\u00e1rios da Cozinha Comunit\u00e1ria Carioca Beira-Rio (Rua da Servid\u00e3o, 311, G7, Lote 84 \u2013 Lojas A e B, Condom\u00ednio \u201cDo Val\u201d, no Recreio dos Bandeirantes). L\u00e1, o cadastramento de curr\u00edculos ser\u00e1 realizado das 10h \u00e0s 14h.<\/p>\n<p>Quem n\u00e3o puder ir \u00e0s a\u00e7\u00f5es itinerantes da secretaria, pode tamb\u00e9m se inscrever no banco de oportunidades da SMTE.<\/p>\n<p>Pessoas sem acesso \u00e0 rede tamb\u00e9m podem se inscrever presencialmente em um dos sete postos da Central do Trabalhador, nos seguintes endere\u00e7os: Centro (Av. Presidente Vargas, 1.997, no CIAD); Campo Grande (Rua Coxilha, s\/n\u00ba); Engenho Novo (Rua Vinte Quatro de Maio, 931); Ilha do Governador (Estrada do Dend\u00ea, 2.080); Jacarepagu\u00e1 (Av. Gerem\u00e1rio Dantas, 1.400, salas 248 e 268, em novo endere\u00e7o); Santa Cruz (Rua Lopes de Moura, 58) e Tijuca (Rua Camaragibe, 25). Os postos funcionam de segunda-feira a sexta-feira, das 8h \u00e0s 16h.<\/p>\n<p>             <!-- Compartilhe ---><\/p>\n<p>\t\t\t <!-- TAGS --><\/p>\n<section class=\"category-tags\">\n<article class=\"tags\">\n\t\t\t\t\tMarca\u00e7\u00f5es: cadastramento de curr\u00edculos cozinhas comunit\u00e1rias cariocas Oportunidades Trabalha Rio<br \/><\/article>\n<\/section>\n<p>            <!-- Mais Not&iacute;cias --><\/p>\n<p>\t\t<!-- Conte&uacute;do SIDEBAR --><\/p><\/div>\n<\/p><\/div>\n","protected":false},"excerpt":{"rendered":"<p>Servi\u00e7o de cadastramento de curr\u00edculo vai a quatro bairros na pr\u00f3xima semana &#8211; Roberto Moreyra\/SMTE O Trabalha Rio, servi\u00e7o de cadastramento de curr\u00edculos no banco de oportunidades da Secretaria Municipal de Trabalho e Renda (SMTE), estar\u00e1 na pr\u00f3xima semana em quatro bairros da cidade. A primeira parada ser\u00e1 na ter\u00e7a-feira (5\/11), das 10h \u00e0s 14h, &#8230; <a title=\"Trabalha Rio faz a\u00e7\u00f5es em cozinhas comunit\u00e1rias e em festival de vida sustent\u00e1vel &#8211; Prefeitura da Cidade do Rio de Janeiro\" class=\"read-more\" href=\"https:\/\/superinteressantes.com.br\/index.php\/2024\/11\/01\/trabalha-rio-faz-acoes-em-cozinhas-comunitarias-e-em-festival-de-vida-sustentavel-prefeitura-da-cidade-do-rio-de-janeiro\/\" aria-label=\"More on Trabalha Rio faz a\u00e7\u00f5es em cozinhas comunit\u00e1rias e em festival de vida sustent\u00e1vel &#8211; Prefeitura da Cidade do Rio de Janeiro\">Ler mais<\/a><\/p>\n","protected":false},"author":1,"featured_media":0,"comment_status":"","ping_status":"","sticky":false,"template":"","format":"standard","meta":{"footnotes":""},"categories":[1],"tags":[],"class_list":["post-17915","post","type-post","status-publish","format-standard","hentry","category-sem-categoria"],"amp_enabled":true,"_links":{"self":[{"href":"https:\/\/superinteressantes.com.br\/index.php\/wp-json\/wp\/v2\/posts\/17915","targetHints":{"allow":["GET"]}}],"collection":[{"href":"https:\/\/superinteressantes.com.br\/index.php\/wp-json\/wp\/v2\/posts"}],"about":[{"href":"https:\/\/superinteressantes.com.br\/index.php\/wp-json\/wp\/v2\/types\/post"}],"author":[{"embeddable":true,"href":"https:\/\/superinteressantes.com.br\/index.php\/wp-json\/wp\/v2\/users\/1"}],"replies":[{"embeddable":true,"href":"https:\/\/superinteressantes.com.br\/index.php\/wp-json\/wp\/v2\/comments?post=17915"}],"version-history":[{"count":0,"href":"https:\/\/superinteressantes.com.br\/index.php\/wp-json\/wp\/v2\/posts\/17915\/revisions"}],"wp:attachment":[{"href":"https:\/\/superinteressantes.com.br\/index.php\/wp-json\/wp\/v2\/media?parent=17915"}],"wp:term":[{"taxonomy":"category","embeddable":true,"href":"https:\/\/superinteressantes.com.br\/index.php\/wp-json\/wp\/v2\/categories?post=17915"},{"taxonomy":"post_tag","embeddable":true,"href":"https:\/\/superinteressantes.com.br\/index.php\/wp-json\/wp\/v2\/tags?post=17915"}],"curies":[{"name":"wp","href":"https:\/\/api.w.org\/{rel}","templated":true}]}}