{"id":17862,"date":"2024-10-31T15:45:21","date_gmt":"2024-10-31T18:45:21","guid":{"rendered":"https:\/\/superinteressantes.com.br\/index.php\/2024\/10\/31\/prefeitura-de-joao-pessoa-mantem-servicos-essenciais-nesta-sexta-feira-e-sabado\/"},"modified":"2024-10-31T15:45:21","modified_gmt":"2024-10-31T18:45:21","slug":"prefeitura-de-joao-pessoa-mantem-servicos-essenciais-nesta-sexta-feira-e-sabado","status":"publish","type":"post","link":"https:\/\/superinteressantes.com.br\/index.php\/2024\/10\/31\/prefeitura-de-joao-pessoa-mantem-servicos-essenciais-nesta-sexta-feira-e-sabado\/","title":{"rendered":"Prefeitura de Jo\u00e3o Pessoa mant\u00e9m servi\u00e7os essenciais nesta sexta-feira e s\u00e1bado"},"content":{"rendered":"<p><\/p>\n<div>\n<p>Nesta sexta-feira, primeiro de novembro, ponto facultativo em comemora\u00e7\u00e3o ao Dia do Servidor, as reparti\u00e7\u00f5es p\u00fablicas do Munic\u00edpio estar\u00e3o fechadas, inclusive as cozinhas comunit\u00e1rias e restaurantes populares. Mas ser\u00e3o mantidos todos os servi\u00e7os essenciais ofertados pela Prefeitura de Jo\u00e3o Pessoa nas \u00e1reas da Sa\u00fade, limpeza urbana e Defesa Civil.<\/p>\n<p>A portaria expedida pela Secretaria de Administra\u00e7\u00e3o de Jo\u00e3o Pessoa transferindo o Dia do Servidor, comemorado no dia 28 de outubro para 01 de novembro, v\u00e9spera do feriado nacional de Dia de Finados (02), abrange os \u00f3rg\u00e3os da administra\u00e7\u00e3o direta, indireta e fundacional. Os expedientes em todos os setores ser\u00e3o normalizados na segunda-feira (4).<\/p>\n<p><strong>Veja como ficar\u00e3o os servi\u00e7os:<\/strong><\/p>\n<p><strong>Sa\u00fade \u2013<\/strong> Nesta sexta-feira estar\u00e3o mantidos os servi\u00e7os de urg\u00eancia e emerg\u00eancia nos hospitais, assim como o atendimento m\u00f3vel de urg\u00eancia (Samu-192) e das quatro UPAs da Capital, localizadas nos bairros de Cruz das Armas, Mana\u00edra, Banc\u00e1rios e Valentina Figueiredo. No caso da assist\u00eancia de urg\u00eancia em sa\u00fade mental, os usu\u00e1rios devem se dirigir ao Pronto Atendimento em Sa\u00fade Mental (Pasm), localizado no pr\u00e9dio anexo ao Complexo Hospitalar de Mangabeira. As urg\u00eancias odontol\u00f3gicas seguir\u00e3o acontecendo normalmente nos CEOs Torre e Mangabeira.<\/p>\n<figure class=\"wp-block-gallery has-nested-images columns-default is-cropped wp-block-gallery-1 is-layout-flex wp-block-gallery-is-layout-flex\">\n<figure class=\"wp-block-image\"><\/figure>\n<figure class=\"wp-block-image\"><\/figure>\n<\/figure>\n<p>As unidades de sa\u00fade da fam\u00edlia (USFs), assim como as policl\u00ednicas municipais, voltam a funcionar da forma habitual na segunda-feira (4). No s\u00e1bado de Finados, o servi\u00e7o ser\u00e1 mantido com escalas de final de semana, como j\u00e1 acontece normalmente.\u00a0<\/p>\n<p><strong>Emlur \u2013<\/strong> O servi\u00e7o de limpeza urbana executado pela Autarquia Especial Municipal de Limpeza Urbana de Jo\u00e3o Pessoa funcionar\u00e1 normalmente na sexta-feira e no s\u00e1bado, n\u00e3o gerando nenhum tipo de preju\u00edzo para a popula\u00e7\u00e3o nesses dias.<\/p>\n<figure class=\"wp-block-gallery has-nested-images columns-default is-cropped wp-block-gallery-2 is-layout-flex wp-block-gallery-is-layout-flex\">\n<figure class=\"wp-block-image\"><\/figure>\n<figure class=\"wp-block-image\"><\/figure>\n<\/figure>\n<p><strong>Sedurb \u2013 <\/strong>A Secretaria de Desenvolvimento Urbano manter\u00e1 os shoppings populares, localizados no Centro da cidade, funcionando normalmente nesta sexta-feira. No s\u00e1bado, estar\u00e3o fechados. J\u00e1 as feiras livres e mercados p\u00fablicos (Central e Oitizeiro) estar\u00e3o abertos nos dois dias.<\/p>\n<p><strong>Sedes \u2013 <\/strong>As seis cozinhas comunit\u00e1rias instaladas nos bairros Jardim Veneza, Gerv\u00e1sio Maia, Bela Vista, Timb\u00f3, Taipa e Novais, bem como os dois restaurantes populares (Mangabeira e Varadouro) geridos pela Secretaria de Desenvolvimento Social (Sedes) n\u00e3o v\u00e3o funcionar nesta sexta-feira.<\/p>\n<p><strong>Defesa Civil \u2013 <\/strong>A Coordenadoria Municipal de Prote\u00e7\u00e3o e Defesa Civil (Compdec-JP) funciona com plant\u00e3o 24 horas todos os dias, inclusive aos s\u00e1bados, domingos e feriados. Em caso de necessidade, a popula\u00e7\u00e3o deve acionar o servi\u00e7o pelo WhatsApp (83) 98831-6885, pelo n\u00famero 199 ou pelo aplicativo \u2018Jo\u00e3o Pessoa na Palma da M\u00e3o\u2019, que pode ser baixado gratuitamente nas plataformas Play Store e AppStore.<\/p>\n<\/p><\/div>\n","protected":false},"excerpt":{"rendered":"<p>Nesta sexta-feira, primeiro de novembro, ponto facultativo em comemora\u00e7\u00e3o ao Dia do Servidor, as reparti\u00e7\u00f5es p\u00fablicas do Munic\u00edpio estar\u00e3o fechadas, inclusive as cozinhas comunit\u00e1rias e restaurantes populares. Mas ser\u00e3o mantidos todos os servi\u00e7os essenciais ofertados pela Prefeitura de Jo\u00e3o Pessoa nas \u00e1reas da Sa\u00fade, limpeza urbana e Defesa Civil. A portaria expedida pela Secretaria de &#8230; <a title=\"Prefeitura de Jo\u00e3o Pessoa mant\u00e9m servi\u00e7os essenciais nesta sexta-feira e s\u00e1bado\" class=\"read-more\" href=\"https:\/\/superinteressantes.com.br\/index.php\/2024\/10\/31\/prefeitura-de-joao-pessoa-mantem-servicos-essenciais-nesta-sexta-feira-e-sabado\/\" aria-label=\"More on Prefeitura de Jo\u00e3o Pessoa mant\u00e9m servi\u00e7os essenciais nesta sexta-feira e s\u00e1bado\">Ler mais<\/a><\/p>\n","protected":false},"author":1,"featured_media":0,"comment_status":"","ping_status":"","sticky":false,"template":"","format":"standard","meta":{"footnotes":""},"categories":[1],"tags":[],"class_list":["post-17862","post","type-post","status-publish","format-standard","hentry","category-sem-categoria"],"amp_enabled":true,"_links":{"self":[{"href":"https:\/\/superinteressantes.com.br\/index.php\/wp-json\/wp\/v2\/posts\/17862","targetHints":{"allow":["GET"]}}],"collection":[{"href":"https:\/\/superinteressantes.com.br\/index.php\/wp-json\/wp\/v2\/posts"}],"about":[{"href":"https:\/\/superinteressantes.com.br\/index.php\/wp-json\/wp\/v2\/types\/post"}],"author":[{"embeddable":true,"href":"https:\/\/superinteressantes.com.br\/index.php\/wp-json\/wp\/v2\/users\/1"}],"replies":[{"embeddable":true,"href":"https:\/\/superinteressantes.com.br\/index.php\/wp-json\/wp\/v2\/comments?post=17862"}],"version-history":[{"count":0,"href":"https:\/\/superinteressantes.com.br\/index.php\/wp-json\/wp\/v2\/posts\/17862\/revisions"}],"wp:attachment":[{"href":"https:\/\/superinteressantes.com.br\/index.php\/wp-json\/wp\/v2\/media?parent=17862"}],"wp:term":[{"taxonomy":"category","embeddable":true,"href":"https:\/\/superinteressantes.com.br\/index.php\/wp-json\/wp\/v2\/categories?post=17862"},{"taxonomy":"post_tag","embeddable":true,"href":"https:\/\/superinteressantes.com.br\/index.php\/wp-json\/wp\/v2\/tags?post=17862"}],"curies":[{"name":"wp","href":"https:\/\/api.w.org\/{rel}","templated":true}]}}