{"id":17860,"date":"2024-10-31T14:58:08","date_gmt":"2024-10-31T17:58:08","guid":{"rendered":"https:\/\/superinteressantes.com.br\/index.php\/2024\/10\/31\/projeto-escolas-que-plantam-ensina-criancas-da-rede-municipal-de-nova-iguacu-a-plantar-e-cultivar-dentro-das-unidades-de-ensino\/"},"modified":"2024-10-31T14:58:08","modified_gmt":"2024-10-31T17:58:08","slug":"projeto-escolas-que-plantam-ensina-criancas-da-rede-municipal-de-nova-iguacu-a-plantar-e-cultivar-dentro-das-unidades-de-ensino","status":"publish","type":"post","link":"https:\/\/superinteressantes.com.br\/index.php\/2024\/10\/31\/projeto-escolas-que-plantam-ensina-criancas-da-rede-municipal-de-nova-iguacu-a-plantar-e-cultivar-dentro-das-unidades-de-ensino\/","title":{"rendered":"Projeto Escolas que Plantam ensina crian\u00e7as da rede municipal de Nova Igua\u00e7u a plantar e cultivar dentro das unidades de ensino"},"content":{"rendered":"<p><\/p>\n<div id=\"post_32658\">\n<header>\n<h2>Projeto Escolas que Plantam ensina crian\u00e7as da rede municipal de Nova Igua\u00e7u a plantar e cultivar dentro das unidades de ensino<\/h2>\n<h4>\n                <em><br \/>\n                    <time class=\"text-muted\" datetime=\"31-10-2024\">31 de outubro de 2024<\/time><br \/>\n                <\/em><br \/>\n            <\/h4>\n<\/header>\n<section>\n<p style=\"text-align: justify;\">As amigas Juliana Martins de Paula e Agnes Vit\u00f3ria da Silva Coutinho, ambas de 10 anos, foram umas das 30 alunas da Escola Municipalizada Campo Alegre, em Nova Igua\u00e7u, que participaram do Projeto Escolas que Plantam, nesta ter\u00e7a-feira (29). A a\u00e7\u00e3o, uma parceria entre a Secretaria Municipal de Agricultura e Meio Ambiente e a Secretaria Municipal de Educa\u00e7\u00e3o, ensina as crian\u00e7as a plantar e cultivar dentro da unidade de ensino.<\/p>\n<p style=\"text-align: justify;\">\u201cJ\u00e1 gostava de salada, agora que aprendi a plantar na escola, peguei ainda mais gosto por alface, cheiro verde e a cebolinha. Vou comer aqui na escola e levar para casa. Tenho uma horta na casa da minha av\u00f3 e vou ensinar ela como se cultiva\u201d, contou Juliana, bastante entusiasmada.<\/p>\n<p style=\"text-align: justify;\">O plantio nas escolas se torna uma pr\u00e1tica educativa que traz in\u00fameros benef\u00edcios tanto para alunos quanto para o meio ambiente. Essa atividade n\u00e3o s\u00f3 proporciona um contato direto com a natureza, mas tamb\u00e9m ensina sobre a import\u00e2ncia da agricultura sustent\u00e1vel e da preserva\u00e7\u00e3o do ecossistema.<\/p>\n<p style=\"text-align: justify;\">Para a diretora de Agricultura da Secretaria Municipal de Agricultura e Meio Ambiente de Nova Igua\u00e7u, Giselane Martins, o projeto tamb\u00e9m tem como objetivo motivar o interesse das crian\u00e7as pelo campo, valorizando a agricultura e a seguran\u00e7a alimentar.<\/p>\n<p style=\"text-align: justify;\">\u201cO aluno das escolas municipais que est\u00e3o em \u00e1reas rurais aprende o que o pai dele pratica no campo, mas de uma forma l\u00fadica e com ensinamentos de t\u00e9cnicos agr\u00f4nomos. A crian\u00e7a ainda ganha sementes para plantar no quintal de sua casa\u201d, disse Giselane.<\/p>\n<\/p>\n<p style=\"text-align: justify;\">O plantio nas escolas tamb\u00e9m promove uma consci\u00eancia coletiva sobre a alimenta\u00e7\u00e3o saud\u00e1vel e a import\u00e2ncia do consumo de produtos frescos e org\u00e2nicos. Ao cultivarem seus pr\u00f3prios alimentos, os alunos desenvolvem um senso de responsabilidade e cuidado com a natureza. A pr\u00e1tica ainda pode fortalecer a comunidade escolar, envolvendo alunos, professores e pais em um projeto comum.<\/p>\n<p style=\"text-align: justify;\">\u201cCriar um espa\u00e7o verde na escola n\u00e3o s\u00f3 embeleza o ambiente, mas tamb\u00e9m o transforma em um espa\u00e7o de aprendizado e conviv\u00eancia\u201d, comenta a diretora de Agricultura.<\/p>\n<p style=\"text-align: justify;\">Elaine de Paula Maia, diretora-adjunta da Escola Campo Alegre, destacou que o projeto tamb\u00e9m \u00e9 importante para os professores e profissionais da educa\u00e7\u00e3o.<\/p>\n<p style=\"text-align: justify;\">\u201cCom este projeto, aprendemos a plantar e a fazer uma hortinha em casa, com alimentos saud\u00e1veis, longe de agrot\u00f3xicos\u201d, afirma Elaine. \u201cNos tornamos multiplicadores, ensinando outras pessoas sobre o consumo consciente de produtos naturais. Na semana passada, os alunos enriqueceram suas refei\u00e7\u00f5es na escola com folhas colhidas da nossa horta\u201d.<\/p>\n<p style=\"text-align: justify;\">O projeto Escolas que Plantam j\u00e1 passou pela Escola Municipalizada de Jaceruba e pela Escola Municipal Vale do Tingu\u00e1. Nesta quinta-feira (31), ele chega \u00e0 Escola Municipal L\u00facia Viana Capelli.<\/p>\n<\/section><\/div>\n","protected":false},"excerpt":{"rendered":"<p>Projeto Escolas que Plantam ensina crian\u00e7as da rede municipal de Nova Igua\u00e7u a plantar e cultivar dentro das unidades de ensino 31 de outubro de 2024 As amigas Juliana Martins de Paula e Agnes Vit\u00f3ria da Silva Coutinho, ambas de 10 anos, foram umas das 30 alunas da Escola Municipalizada Campo Alegre, em Nova Igua\u00e7u, &#8230; <a title=\"Projeto Escolas que Plantam ensina crian\u00e7as da rede municipal de Nova Igua\u00e7u a plantar e cultivar dentro das unidades de ensino\" class=\"read-more\" href=\"https:\/\/superinteressantes.com.br\/index.php\/2024\/10\/31\/projeto-escolas-que-plantam-ensina-criancas-da-rede-municipal-de-nova-iguacu-a-plantar-e-cultivar-dentro-das-unidades-de-ensino\/\" aria-label=\"More on Projeto Escolas que Plantam ensina crian\u00e7as da rede municipal de Nova Igua\u00e7u a plantar e cultivar dentro das unidades de ensino\">Ler mais<\/a><\/p>\n","protected":false},"author":1,"featured_media":0,"comment_status":"","ping_status":"","sticky":false,"template":"","format":"standard","meta":{"footnotes":""},"categories":[1],"tags":[],"class_list":["post-17860","post","type-post","status-publish","format-standard","hentry","category-sem-categoria"],"amp_enabled":true,"_links":{"self":[{"href":"https:\/\/superinteressantes.com.br\/index.php\/wp-json\/wp\/v2\/posts\/17860","targetHints":{"allow":["GET"]}}],"collection":[{"href":"https:\/\/superinteressantes.com.br\/index.php\/wp-json\/wp\/v2\/posts"}],"about":[{"href":"https:\/\/superinteressantes.com.br\/index.php\/wp-json\/wp\/v2\/types\/post"}],"author":[{"embeddable":true,"href":"https:\/\/superinteressantes.com.br\/index.php\/wp-json\/wp\/v2\/users\/1"}],"replies":[{"embeddable":true,"href":"https:\/\/superinteressantes.com.br\/index.php\/wp-json\/wp\/v2\/comments?post=17860"}],"version-history":[{"count":0,"href":"https:\/\/superinteressantes.com.br\/index.php\/wp-json\/wp\/v2\/posts\/17860\/revisions"}],"wp:attachment":[{"href":"https:\/\/superinteressantes.com.br\/index.php\/wp-json\/wp\/v2\/media?parent=17860"}],"wp:term":[{"taxonomy":"category","embeddable":true,"href":"https:\/\/superinteressantes.com.br\/index.php\/wp-json\/wp\/v2\/categories?post=17860"},{"taxonomy":"post_tag","embeddable":true,"href":"https:\/\/superinteressantes.com.br\/index.php\/wp-json\/wp\/v2\/tags?post=17860"}],"curies":[{"name":"wp","href":"https:\/\/api.w.org\/{rel}","templated":true}]}}