{"id":17841,"date":"2024-10-31T07:08:24","date_gmt":"2024-10-31T10:08:24","guid":{"rendered":"https:\/\/superinteressantes.com.br\/index.php\/2024\/10\/31\/legado-do-g20-prefeitura-entrega-o-museu-de-arte-moderna-revitalizado-prefeitura-da-cidade-do-rio-de-janeiro\/"},"modified":"2024-10-31T07:08:24","modified_gmt":"2024-10-31T10:08:24","slug":"legado-do-g20-prefeitura-entrega-o-museu-de-arte-moderna-revitalizado-prefeitura-da-cidade-do-rio-de-janeiro","status":"publish","type":"post","link":"https:\/\/superinteressantes.com.br\/index.php\/2024\/10\/31\/legado-do-g20-prefeitura-entrega-o-museu-de-arte-moderna-revitalizado-prefeitura-da-cidade-do-rio-de-janeiro\/","title":{"rendered":"Legado do G20: Prefeitura entrega o Museu de Arte Moderna revitalizado &#8211; Prefeitura da Cidade do Rio de Janeiro"},"content":{"rendered":"<p><\/p>\n<div wp_automatic_readability=\"174.74264029439\">\n<div class=\"image-post\" wp_automatic_readability=\"33\">\n                     O MAM ser\u00e1 palco da reuni\u00e3o da C\u00fapula do G20 nos dias 18 e 19 de novembro &#8211; Fabio Motta\/Prefeitura do Rio                  <\/div>\n<p>A Prefeitura do Rio entregou, nesta quarta-feira (30\/10), a obra de revitaliza\u00e7\u00e3o do Museu de Arte Moderna (MAM Rio) e seus jardins no Parque do Flamengo. Na cerim\u00f4nia, que contou com a presen\u00e7a da primeira-dama Janja Lula da Silva e do ministro das Rela\u00e7\u00f5es Exteriores, Mauro Vieira, o prefeito Eduardo Paes fez a entrega simb\u00f3lica da \u201cchave\u201d do museu, que receber\u00e1 a C\u00fapula do G20 \u2013 o grupo das maiores economias do mundo \u2013, nos dias 18 e 19 de novembro. A partir desta quarta, o Governo Federal assume a gest\u00e3o do espa\u00e7o at\u00e9 o fim da confer\u00eancia.<\/p>\n<blockquote wp_automatic_readability=\"14\">\n<p>\u2013 O que n\u00f3s estamos fazendo, hoje, \u00e9 a entrega oficial dessa obra que a Prefeitura executou ao longo deste ano para recuperar esse espa\u00e7o t\u00e3o importante e ic\u00f4nico na cidade, para esse encontro que \u00e9 o mais importante da geopol\u00edtica mundial. Temos muita honra de receber no Rio o G20, todos os chefes de estado que estar\u00e3o aqui para um processo de tomada de decis\u00e3o, num momento t\u00e3o complexo que o mundo passa. Sob o ponto de vista da cidade, ajuda a refor\u00e7ar a imagem do Rio como um lugar que as pessoas desejam estar e uma cidade que inspira os chefes de estado na tomada de decis\u00f5es \u2013 afirmou Eduardo Paes.<\/p>\n<\/blockquote>\n<p>A escolha do MAM para o encontro possibilitou \u00e0 Prefeitura do Rio realizar a maior revitaliza\u00e7\u00e3o da regi\u00e3o do Parque do Flamengo nos \u00faltimos 25 anos, abrangendo mais de 100 mil m\u00b2. Com um investimento de R$ 32 milh\u00f5es, as obras conduzidas pela Companhia Carioca de Parcerias e Investimentos (CCPar) contaram com reformas nas \u00e1reas internas do museu e a revitaliza\u00e7\u00e3o do entorno, incluindo a recomposi\u00e7\u00e3o do paisagismo de Burle Marx.<\/p>\n<p>O projeto contemplou a moderniza\u00e7\u00e3o do Bloco de Exposi\u00e7\u00f5es, a renova\u00e7\u00e3o do Bloco Escola, a instala\u00e7\u00e3o de nova ilumina\u00e7\u00e3o nas \u00e1reas externas, a cria\u00e7\u00e3o de um passeio p\u00fablico e a valoriza\u00e7\u00e3o dos Jardins do MAM. A entrega desta quarta-feira marca a finaliza\u00e7\u00e3o das obras. Ap\u00f3s o G20, o MAM reabrir\u00e1 ao p\u00fablico, com novos espa\u00e7os de lazer, educa\u00e7\u00e3o e arte, al\u00e9m de uma programa\u00e7\u00e3o renovada.<\/p>\n<blockquote wp_automatic_readability=\"13\">\n<p>\u2013 Fizemos a recupera\u00e7\u00e3o desse \u00edcone da arquitetura brasileira, desse importante equipamento cultural. A recupera\u00e7\u00e3o do entorno, de todo esse paisagismo, feito pelo mestre Burle Marx. Ano que vem, o Parque do Flamengo completa 60 anos, e nossa ideia \u00e9 concluir o que falta. Terminado o G20 vamos avan\u00e7ar na recupera\u00e7\u00e3o desse espa\u00e7o \u2013 disse Paes.<\/p>\n<\/blockquote>\n<p>O ministro das Rela\u00e7\u00f5es Exteriores, Mauro Vieira, agradeceu ao prefeito pela finaliza\u00e7\u00e3o da obra, que permitir\u00e1 a realiza\u00e7\u00e3o da reuni\u00e3o do G20.<\/p>\n<blockquote wp_automatic_readability=\"15\">\n<p>\u2013 Desde o in\u00edcio o prefeito manifestou o desejo de fazer do Rio a capital do G20. As reuni\u00f5es mais importantes foram aqui, e \u00e9 importante ter a reuni\u00e3o do G20 no Rio de Janeiro, porque o G20 \u00e9 uma plataforma de articula\u00e7\u00e3o global. As grandes decis\u00f5es geopol\u00edticas s\u00e3o tomadas nas reuni\u00f5es do G20. E ter no Rio de Janeiro, que \u00e9 o cart\u00e3o postal do Brasil, acho muito importante e sempre tive esse desejo. E esse esfor\u00e7o de recuperar esse pr\u00e9dio, um \u00edcone do Rio e da cultura brasileira, tem tudo a ver com o que representa o G20 no Brasil. \u00c9 um marco de uma mudan\u00e7a como foi a constru\u00e7\u00e3o do Aterro do Flamengo e do pr\u00f3prio museu, na d\u00e9cada de 50.<\/p>\n<\/blockquote>\n<p><strong>Reformas estruturais: legado cultural<\/strong><\/p>\n<p>Uma s\u00e9rie de reformas foi implementada no MAM. No Bloco de Exposi\u00e7\u00f5es, que receber\u00e1 as principais reuni\u00f5es do G20, as melhorias incluem a moderniza\u00e7\u00e3o dos elevadores, do sistema hidr\u00e1ulico e restaura\u00e7\u00e3o das fachadas do edif\u00edcio, um \u00edcone da arquitetura moderna, inaugurado em 1958. O sistema el\u00e9trico interno foi modernizado e 86 projetores em LED foram instalados, valorizando ainda mais a fachada do edif\u00edcio.<\/p>\n<p>Outro espa\u00e7o que passou por transforma\u00e7\u00f5es foi o Bloco Escola, que, desde sua inaugura\u00e7\u00e3o, foi concebido como um centro de educa\u00e7\u00e3o e pesquisa em arte. Ap\u00f3s anos em desuso, esse espa\u00e7o, que j\u00e1 formou grandes artistas brasileiros, recebeu uma reforma completa, incluindo recupera\u00e7\u00e3o dos azulejos, reparo dos vitrais, reconfigura\u00e7\u00e3o do sistema el\u00e9trico, al\u00e9m de limpeza e pintura das paredes. A reabertura do Bloco Escola, prevista para janeiro de 2025, impulsionar\u00e1 o programa de educa\u00e7\u00e3o e forma\u00e7\u00e3o em arte do Museu.<\/p>\n<p>A Cinemateca do MAM tamb\u00e9m foi modernizada e retornar\u00e1 \u00e0s atividades plenas em janeiro, agora equipada com um novo projetor e sistema de som e telas, refor\u00e7ando o papel do museu como um centro de patrim\u00f4nio cultural e valorizando seu acervo de mais de 16 mil obras.<\/p>\n<p><strong>\u00a0<\/strong><strong>Revitaliza\u00e7\u00e3o do entorno: legado urbano<\/strong><\/p>\n<p>Como parte do legado do G20, a interven\u00e7\u00e3o na \u00e1rea ao redor do MAM tamb\u00e9m revitalizou o Parque do Flamengo. O fechamento da Rua Jardel J\u00e9rcolis, em frente \u00e0 entrada do museu, transformou a via em um boulevard exclusivo para pedestres e ciclistas, conectando o Aeroporto Santos Dumont, o Aterro do Flamengo, o MAM e o Vivo Rio, integrando o museu \u00e0 cidade.<\/p>\n<p>Por meio da Rioluz, foram instaladas 98 lumin\u00e1rias LED em 49 postes de fibra ao longo do novo trajeto, garantindo um ambiente iluminado e seguro. A ilumina\u00e7\u00e3o existente em \u00e1reas adjacentes ao MAM, do Aeroporto Santos Dumont at\u00e9 o Monumento dos Pracinhas, tamb\u00e9m foi refor\u00e7ada com a instala\u00e7\u00e3o de 183 novas lumin\u00e1rias LED e 72 projetores de 600W.<\/p>\n<p>A Secretaria de Conserva\u00e7\u00e3o tamb\u00e9m apoiou as obras, realizando a recupera\u00e7\u00e3o do mobili\u00e1rio urbano externo e das cal\u00e7adas de pedras portuguesas que fazem parte do projeto original do museu. Novas sinaliza\u00e7\u00f5es e c\u00e2meras do Centro de Opera\u00e7\u00f5es do Rio (COR) foram instaladas, melhorando a seguran\u00e7a e a orienta\u00e7\u00e3o dos visitantes.<\/p>\n<p><strong>\u00a0<\/strong><strong>Recomposi\u00e7\u00e3o Paisag\u00edstica dos Jardins: Legado Verde<\/strong><\/p>\n<p>A recomposi\u00e7\u00e3o integral do paisagismo ao redor do museu restaurou os jardins de acordo com o projeto original de Roberto Burle Marx. O escrit\u00f3rio que perpetua o legado do artista supervisionou as interven\u00e7\u00f5es, auxiliando na identifica\u00e7\u00e3o e recupera\u00e7\u00e3o dos elementos originais. Um mapeamento das esp\u00e9cies vegetais, junto com uma an\u00e1lise t\u00e9cnica, orientou a replanta\u00e7\u00e3o e a poda das plantas, priorizando a preserva\u00e7\u00e3o do projeto original da d\u00e9cada de 1950.<\/p>\n<p>O Jardim de Ondas, tamb\u00e9m conhecido como Jardim Copacabana, foi reestruturado para restabelecer seu ic\u00f4nico formato de ondas. A recupera\u00e7\u00e3o dos drenos foi realizada para evitar o ac\u00famulo de \u00e1gua. Al\u00e9m disso, o n\u00facleo de \u00e1rvores Pau Mulato, que comp\u00f5e o jardim, recebeu poda, aduba\u00e7\u00e3o e novas mudas.<\/p>\n<p>Nos jardins aqu\u00e1ticos, foram realizadas melhorias, incluindo impermeabiliza\u00e7\u00e3o do lago, recupera\u00e7\u00e3o dos chafarizes e troca de substratos. As plantas originais existentes foram enviveiradas e tratadas, e esp\u00e9cies de vit\u00f3ria r\u00e9gia foram doadas pelo S\u00edtio Burle Marx e pela empresa Isis Ra\u00edzes, enriquecendo a composi\u00e7\u00e3o do lago.<\/p>\n<p>O Jardim do Terra\u00e7o teve suas jardineiras impermeabilizadas e plantadas com cerca de 90% das esp\u00e9cies originais. No Jardim dos Seixos, o plantio foi completado, incluindo novas esp\u00e9cies como a pata de elefante. Al\u00e9m disso, o Jardim de Pedras, situado no t\u00e9rreo, e o Jardim Suspenso, no mezanino do MAM, tamb\u00e9m foram restaurados \u00e0 sua forma original.<\/p>\n<p>Essas interven\u00e7\u00f5es visam a valorizar o paisagismo, incentivando a apropria\u00e7\u00e3o dos jardins pela popula\u00e7\u00e3o e visitantes, reconhecendo a import\u00e2ncia hist\u00f3rica. Esta \u00e9 a maior obra realizada na regi\u00e3o desde a inaugura\u00e7\u00e3o do Parque do Flamengo, h\u00e1 quase 60 anos. Ap\u00f3s a C\u00fapula do G20, o museu e suas \u00e1reas externas, completamente revitalizadas, estar\u00e3o \u00e0 disposi\u00e7\u00e3o dos cariocas e visitantes, como um legado duradouro do evento para o Rio de Janeiro. A reabertura completa do museu est\u00e1 prevista para janeiro de 2025, acompanhada de uma nova programa\u00e7\u00e3o gratuita que incluir\u00e1 exposi\u00e7\u00f5es, atividades educativas, oficinas e eventos nos Jardins do MAM.<\/p>\n<p>             <!-- Compartilhe ---><\/p>\n<p>\t\t\t <!-- TAGS --><\/p>\n<section class=\"category-tags\">\n<div class=\"marcacao-category\">\n<article class=\"category-post\">\n<p>Categoria: <\/p>\n<\/article>\n<li>30 de outubro de 2024<\/li><\/div>\n<article class=\"tags\">\n\t\t\t\t\tMarca\u00e7\u00f5es: C\u00fapula do G20 G20 Legado do G20 MAM Museu de Arte Moderna obra Parque do Flamengo Prefeitura do Rio reformas Revitaliza\u00e7\u00e3o<br \/><\/article>\n<\/section>\n<p>            <!-- Mais Not&iacute;cias --><\/p>\n<p>\t\t<!-- Conte&uacute;do SIDEBAR --><\/p><\/div>\n","protected":false},"excerpt":{"rendered":"<p>O MAM ser\u00e1 palco da reuni\u00e3o da C\u00fapula do G20 nos dias 18 e 19 de novembro &#8211; Fabio Motta\/Prefeitura do Rio A Prefeitura do Rio entregou, nesta quarta-feira (30\/10), a obra de revitaliza\u00e7\u00e3o do Museu de Arte Moderna (MAM Rio) e seus jardins no Parque do Flamengo. Na cerim\u00f4nia, que contou com a presen\u00e7a &#8230; <a title=\"Legado do G20: Prefeitura entrega o Museu de Arte Moderna revitalizado &#8211; Prefeitura da Cidade do Rio de Janeiro\" class=\"read-more\" href=\"https:\/\/superinteressantes.com.br\/index.php\/2024\/10\/31\/legado-do-g20-prefeitura-entrega-o-museu-de-arte-moderna-revitalizado-prefeitura-da-cidade-do-rio-de-janeiro\/\" aria-label=\"More on Legado do G20: Prefeitura entrega o Museu de Arte Moderna revitalizado &#8211; Prefeitura da Cidade do Rio de Janeiro\">Ler mais<\/a><\/p>\n","protected":false},"author":1,"featured_media":0,"comment_status":"","ping_status":"","sticky":false,"template":"","format":"standard","meta":{"footnotes":""},"categories":[1],"tags":[],"class_list":["post-17841","post","type-post","status-publish","format-standard","hentry","category-sem-categoria"],"amp_enabled":true,"_links":{"self":[{"href":"https:\/\/superinteressantes.com.br\/index.php\/wp-json\/wp\/v2\/posts\/17841","targetHints":{"allow":["GET"]}}],"collection":[{"href":"https:\/\/superinteressantes.com.br\/index.php\/wp-json\/wp\/v2\/posts"}],"about":[{"href":"https:\/\/superinteressantes.com.br\/index.php\/wp-json\/wp\/v2\/types\/post"}],"author":[{"embeddable":true,"href":"https:\/\/superinteressantes.com.br\/index.php\/wp-json\/wp\/v2\/users\/1"}],"replies":[{"embeddable":true,"href":"https:\/\/superinteressantes.com.br\/index.php\/wp-json\/wp\/v2\/comments?post=17841"}],"version-history":[{"count":0,"href":"https:\/\/superinteressantes.com.br\/index.php\/wp-json\/wp\/v2\/posts\/17841\/revisions"}],"wp:attachment":[{"href":"https:\/\/superinteressantes.com.br\/index.php\/wp-json\/wp\/v2\/media?parent=17841"}],"wp:term":[{"taxonomy":"category","embeddable":true,"href":"https:\/\/superinteressantes.com.br\/index.php\/wp-json\/wp\/v2\/categories?post=17841"},{"taxonomy":"post_tag","embeddable":true,"href":"https:\/\/superinteressantes.com.br\/index.php\/wp-json\/wp\/v2\/tags?post=17841"}],"curies":[{"name":"wp","href":"https:\/\/api.w.org\/{rel}","templated":true}]}}