{"id":17811,"date":"2024-10-30T15:21:22","date_gmt":"2024-10-30T18:21:22","guid":{"rendered":"https:\/\/superinteressantes.com.br\/index.php\/2024\/10\/30\/fundo-social-arrecada-mais-de-r-4-milhoes-em-leiloes\/"},"modified":"2024-10-30T15:21:22","modified_gmt":"2024-10-30T18:21:22","slug":"fundo-social-arrecada-mais-de-r-4-milhoes-em-leiloes","status":"publish","type":"post","link":"https:\/\/superinteressantes.com.br\/index.php\/2024\/10\/30\/fundo-social-arrecada-mais-de-r-4-milhoes-em-leiloes\/","title":{"rendered":"Fundo Social arrecada mais de R$ 4 milh\u00f5es em leil\u00f5es"},"content":{"rendered":"<p><img decoding=\"async\" src=\"https:\/\/www.saopaulo.sp.gov.br\/wp-content\/uploads\/2024\/10\/20230727_150347-750x563-1-1.jpg\" \/><\/p>\n<div id=\"\">&#13;<br \/>\n                                <!-- Title -->&#13;<br \/>\n                                &#13;<br \/>\n&#13;<br \/>\n                                <!-- Excerpt -->&#13;<\/p>\n<p class=\"excerpt\">Valor obtido com a venda de materiais em desuso doados por \u00f3rg\u00e3os p\u00fablicos ser\u00e1 destinado a projetos sociais<\/p>\n<p>&#13;<br \/>\n&#13;<br \/>\n                                &#13;\n                            <\/p><\/div>\n<div id=\"\">&#13;<\/p>\n<figure id=\"attachment_6370448\" style=\"width: 100%;max-width: 717px\" class=\"wp-caption alignnone\"><figcaption class=\"wp-caption-text\">Entre as doa\u00e7\u00f5es dos leil\u00f5es est\u00e3o diversos materiais que podem ser reciclados, consertados ou reaproveitados, incentivando pr\u00e1ticas sustent\u00e1veis e de responsabilidade ambiental. Foto: Governo de SP<\/figcaption><\/figure>\n<p>O Fundo Social do Estado de S\u00e3o Paulo arrecadou R$ 4.318.460,00 nos leil\u00f5es de material recicl\u00e1vel realizados nos dias 3, 4 e 10 de outubro. Essas a\u00e7\u00f5es promovem o reaproveitamento de materiais inserv\u00edveis para o servi\u00e7o p\u00fablico e, ao mesmo tempo, financiam projetos de desenvolvimento social.<\/p>\n<p>Equipamentos eletr\u00f4nicos, m\u00f3veis, pneus, pap\u00e9is e outros itens foram doados por \u00f3rg\u00e3os p\u00fablicos e leiloados em 197 lotes distribu\u00eddos entre a capital e 43 munic\u00edpios paulistas. Os compradores desses materiais assumem o compromisso de dar a destina\u00e7\u00e3o ambientalmente correta aos itens, seja por meio de reciclagem, conserto ou reaproveitamento, em conformidade com as normas de sa\u00fade e meio ambiente.<\/p>\n<p><strong>Leia a reportagem completa na Ag\u00eancia SP<\/strong><\/p>\n<\/p><\/div>\n","protected":false},"excerpt":{"rendered":"<p>&#13; &#13; &#13; &#13; &#13; Valor obtido com a venda de materiais em desuso doados por \u00f3rg\u00e3os p\u00fablicos ser\u00e1 destinado a projetos sociais &#13; &#13; &#13; &#13; Entre as doa\u00e7\u00f5es dos leil\u00f5es est\u00e3o diversos materiais que podem ser reciclados, consertados ou reaproveitados, incentivando pr\u00e1ticas sustent\u00e1veis e de responsabilidade ambiental. Foto: Governo de SP O Fundo &#8230; <a title=\"Fundo Social arrecada mais de R$ 4 milh\u00f5es em leil\u00f5es\" class=\"read-more\" href=\"https:\/\/superinteressantes.com.br\/index.php\/2024\/10\/30\/fundo-social-arrecada-mais-de-r-4-milhoes-em-leiloes\/\" aria-label=\"More on Fundo Social arrecada mais de R$ 4 milh\u00f5es em leil\u00f5es\">Ler mais<\/a><\/p>\n","protected":false},"author":1,"featured_media":0,"comment_status":"","ping_status":"","sticky":false,"template":"","format":"standard","meta":{"footnotes":""},"categories":[1],"tags":[],"class_list":["post-17811","post","type-post","status-publish","format-standard","hentry","category-sem-categoria"],"amp_enabled":true,"_links":{"self":[{"href":"https:\/\/superinteressantes.com.br\/index.php\/wp-json\/wp\/v2\/posts\/17811","targetHints":{"allow":["GET"]}}],"collection":[{"href":"https:\/\/superinteressantes.com.br\/index.php\/wp-json\/wp\/v2\/posts"}],"about":[{"href":"https:\/\/superinteressantes.com.br\/index.php\/wp-json\/wp\/v2\/types\/post"}],"author":[{"embeddable":true,"href":"https:\/\/superinteressantes.com.br\/index.php\/wp-json\/wp\/v2\/users\/1"}],"replies":[{"embeddable":true,"href":"https:\/\/superinteressantes.com.br\/index.php\/wp-json\/wp\/v2\/comments?post=17811"}],"version-history":[{"count":0,"href":"https:\/\/superinteressantes.com.br\/index.php\/wp-json\/wp\/v2\/posts\/17811\/revisions"}],"wp:attachment":[{"href":"https:\/\/superinteressantes.com.br\/index.php\/wp-json\/wp\/v2\/media?parent=17811"}],"wp:term":[{"taxonomy":"category","embeddable":true,"href":"https:\/\/superinteressantes.com.br\/index.php\/wp-json\/wp\/v2\/categories?post=17811"},{"taxonomy":"post_tag","embeddable":true,"href":"https:\/\/superinteressantes.com.br\/index.php\/wp-json\/wp\/v2\/tags?post=17811"}],"curies":[{"name":"wp","href":"https:\/\/api.w.org\/{rel}","templated":true}]}}