{"id":17806,"date":"2024-10-30T12:59:38","date_gmt":"2024-10-30T15:59:38","guid":{"rendered":"https:\/\/superinteressantes.com.br\/index.php\/2024\/10\/30\/exposicao-na-biblioteca-municipal-de-sorocaba-homenageia-radialista-e-jornalista-ze-desiderio-agencia-de-noticias\/"},"modified":"2024-10-30T12:59:38","modified_gmt":"2024-10-30T15:59:38","slug":"exposicao-na-biblioteca-municipal-de-sorocaba-homenageia-radialista-e-jornalista-ze-desiderio-agencia-de-noticias","status":"publish","type":"post","link":"https:\/\/superinteressantes.com.br\/index.php\/2024\/10\/30\/exposicao-na-biblioteca-municipal-de-sorocaba-homenageia-radialista-e-jornalista-ze-desiderio-agencia-de-noticias\/","title":{"rendered":"Exposi\u00e7\u00e3o na Biblioteca Municipal de Sorocaba homenageia radialista e jornalista Z\u00e9 Desid\u00e9rio \u2013 Ag\u00eancia de Not\u00edcias"},"content":{"rendered":"<p><\/p>\n<div>\n<div class=\"col\">\n<p class=\"mt-0\">\n                        <strong><br \/>\n                            <span class=\"far fa-calendar mr-1 mt-2\"\/><br \/>\n                            30 de outubro de 2024<br \/>\n                            <span class=\"far fa-clock ml-3 mt-2\"\/><br \/>\n                            12:11<br \/>\n                        <\/strong>\n                    <\/p>\n<p class=\"mb-0\">Por: <strong>Mariana Campos<\/strong><\/p>\n<\/p><\/div>\n<\/p><\/div>\n<div>\n<p align=\"justify\">\n<p align=\"justify\">A popula\u00e7\u00e3o sorocabana poder\u00e1 conferir, a partir desta sexta-feira (1), a exposi\u00e7\u00e3o \u201cTransformando imagens\u201d, da artista visual Cibele Pilla, na Biblioteca Municipal \u201cJorge Guilherme Senger\u201d, localizada no Alto da Boa Vista. A mostra, que faz parte do projeto \u201cZ\u00e9 Desid\u00e9rio: 80 anos em 80 imagens\u201d, \u00e9 uma homenagem ao radialista e jornalista Jos\u00e9 Desid\u00e9rio da Silva, que celebra 80 anos de vida e mais de 60 anos de carreira na comunica\u00e7\u00e3o.<\/p>\n<p align=\"justify\">Promovida pela Prefeitura de Sorocaba, por meio da Secretaria de Cultura (Secult), e viabilizado com recursos da Lei Paulo Gustavo (Lei Complementar n\u00ba 195\/2022), do Governo Federal, a exposi\u00e7\u00e3o tem curadoria de Oscar D\u2019Ambrosio, P\u00f3s-Doutor e Doutor em Educa\u00e7\u00e3o, Arte e Hist\u00f3ria da Cultura, Mestre em Artes Visuais, jornalista e cr\u00edtico de arte.<\/p>\n<p align=\"justify\">O objetivo \u00e9, a partir de fotografias com interven\u00e7\u00f5es da artista visual, homenagear a trajet\u00f3ria de Z\u00e9 Desiderio, uma lenda viva do r\u00e1dio brasileiro, ainda na ativa na r\u00e1dio e na TV de Sorocaba, em que atua desde os 17 anos de idade, vindo de sua cidade natal, Conchas (SP).<\/p>\n<p align=\"justify\">A exposi\u00e7\u00e3o traz trabalhos realizados por participantes de oficinas da artista visual Cibele Pilla, nos Centros de Refer\u00eancia em Assist\u00eancia Social (Cras) da cidade, para estimular a interven\u00e7\u00e3o sobre fotos relevantes para cada participante, desenvolvendo o olhar e a percep\u00e7\u00e3o de que tudo aquilo que pode ser considerado real \u00e9 din\u00e2mico. Dar novas cores e formas ao passado \u00e9 visto como uma maneira de possibilitar novas leituras \u00e0quilo que j\u00e1 aconteceu e marcou \u00e9poca. Assim, cada foto se torna uma maneira de revisitar o passado sob um olhar criativo e contempor\u00e2neo.<\/p>\n<p align=\"justify\">Cibele Pilla iniciou sua trajet\u00f3ria art\u00edstica em Buenos Aires, na Argentina. Possui licenciatura em Arte-Educa\u00e7\u00e3o e p\u00f3s-gradua\u00e7\u00e3o em Arteterapia. Pinta e fotografa cenas do cotidiano urbano integradas com a natureza, \u00e0s vezes esquecida nas grandes metr\u00f3poles. Atuou como arte-educadora e arteterapeuta, de forma volunt\u00e1ria, com crian\u00e7as entre 5 e 12 anos em situa\u00e7\u00e3o de vulnerabilidade social nas ONGs Vov\u00f3 Josefina (ADRA) e Lar da Bela, ambas em Ara\u00e7oiaba da Serra. Al\u00e9m disso, ministra oficinas de arte, ensinando t\u00e9cnicas como papel mach\u00ea, colagem, argila e pintura, a fim de desenvolver a criatividade da crian\u00e7a, para que ela, por meio da arte, cure de suas quest\u00f5es internas.<\/p>\n<p align=\"justify\">A exposi\u00e7\u00e3o \u201cTransformando Imagens\u201d poder\u00e1 ser conferida de segunda a sexta-feira, das 9h \u00e0s 17h, at\u00e9 o dia 28 de novembro, na Biblioteca Municipal, localizada na Rua Ministro Coqueijo Costa, 180, no Alto da Boa Vista. Mais informa\u00e7\u00f5es podem ser obtidas pelo telefone: (15) 3228-1955.<\/p>\n<\/p><\/div>\n","protected":false},"excerpt":{"rendered":"<p>30 de outubro de 2024 12:11 Por: Mariana Campos A popula\u00e7\u00e3o sorocabana poder\u00e1 conferir, a partir desta sexta-feira (1), a exposi\u00e7\u00e3o \u201cTransformando imagens\u201d, da artista visual Cibele Pilla, na Biblioteca Municipal \u201cJorge Guilherme Senger\u201d, localizada no Alto da Boa Vista. A mostra, que faz parte do projeto \u201cZ\u00e9 Desid\u00e9rio: 80 anos em 80 imagens\u201d, \u00e9 &#8230; <a title=\"Exposi\u00e7\u00e3o na Biblioteca Municipal de Sorocaba homenageia radialista e jornalista Z\u00e9 Desid\u00e9rio \u2013 Ag\u00eancia de Not\u00edcias\" class=\"read-more\" href=\"https:\/\/superinteressantes.com.br\/index.php\/2024\/10\/30\/exposicao-na-biblioteca-municipal-de-sorocaba-homenageia-radialista-e-jornalista-ze-desiderio-agencia-de-noticias\/\" aria-label=\"More on Exposi\u00e7\u00e3o na Biblioteca Municipal de Sorocaba homenageia radialista e jornalista Z\u00e9 Desid\u00e9rio \u2013 Ag\u00eancia de Not\u00edcias\">Ler mais<\/a><\/p>\n","protected":false},"author":1,"featured_media":0,"comment_status":"","ping_status":"","sticky":false,"template":"","format":"standard","meta":{"footnotes":""},"categories":[1],"tags":[],"class_list":["post-17806","post","type-post","status-publish","format-standard","hentry","category-sem-categoria"],"amp_enabled":true,"_links":{"self":[{"href":"https:\/\/superinteressantes.com.br\/index.php\/wp-json\/wp\/v2\/posts\/17806","targetHints":{"allow":["GET"]}}],"collection":[{"href":"https:\/\/superinteressantes.com.br\/index.php\/wp-json\/wp\/v2\/posts"}],"about":[{"href":"https:\/\/superinteressantes.com.br\/index.php\/wp-json\/wp\/v2\/types\/post"}],"author":[{"embeddable":true,"href":"https:\/\/superinteressantes.com.br\/index.php\/wp-json\/wp\/v2\/users\/1"}],"replies":[{"embeddable":true,"href":"https:\/\/superinteressantes.com.br\/index.php\/wp-json\/wp\/v2\/comments?post=17806"}],"version-history":[{"count":0,"href":"https:\/\/superinteressantes.com.br\/index.php\/wp-json\/wp\/v2\/posts\/17806\/revisions"}],"wp:attachment":[{"href":"https:\/\/superinteressantes.com.br\/index.php\/wp-json\/wp\/v2\/media?parent=17806"}],"wp:term":[{"taxonomy":"category","embeddable":true,"href":"https:\/\/superinteressantes.com.br\/index.php\/wp-json\/wp\/v2\/categories?post=17806"},{"taxonomy":"post_tag","embeddable":true,"href":"https:\/\/superinteressantes.com.br\/index.php\/wp-json\/wp\/v2\/tags?post=17806"}],"curies":[{"name":"wp","href":"https:\/\/api.w.org\/{rel}","templated":true}]}}