{"id":17803,"date":"2024-10-30T12:12:14","date_gmt":"2024-10-30T15:12:14","guid":{"rendered":"https:\/\/superinteressantes.com.br\/index.php\/2024\/10\/30\/sao-jose-recebe-etapa-do-paulista-de-bmx-neste-domingo\/"},"modified":"2024-10-30T12:12:14","modified_gmt":"2024-10-30T15:12:14","slug":"sao-jose-recebe-etapa-do-paulista-de-bmx-neste-domingo","status":"publish","type":"post","link":"https:\/\/superinteressantes.com.br\/index.php\/2024\/10\/30\/sao-jose-recebe-etapa-do-paulista-de-bmx-neste-domingo\/","title":{"rendered":"S\u00e3o Jos\u00e9 recebe etapa do Paulista de BMX neste domingo"},"content":{"rendered":"<p><\/p>\n<div>\n<p><b>Lucas Lemes<\/b><br \/>&#13;<br \/>\n&#13;<br \/>\n                <span style=\"font-weight: bold;\">Secretaria de Esporte e Qualidade de Vida<\/span><\/p>\n<p>S\u00e3o Jos\u00e9 dos Campos sediar\u00e1 neste domingo (3) a 7\u00aa Etapa do Campeonato Paulista de BMX. Realizado pela Associa\u00e7\u00e3o Paulista de Bicicross (APBMX) e com o apoio da Prefeitura de S\u00e3o Jos\u00e9 dos Campos, o evento acontece a partir das 9h30 na Pista de BMX do Parque Industrial, localizada na Rua George Williams, regi\u00e3o sul da cidade.<\/p>\n<p>Ap\u00f3s 11 anos sem receber uma prova oficial de BMX, este \u00e9 o primeiro campeonato que chega \u00e0 cidade depois da reforma da pista, que hoje segue os padr\u00f5es da Uni\u00e3o Cicl\u00edstica Internacional (UCI) \u2013 principal organiza\u00e7\u00e3o de ciclismo do mundo.<\/p>\n<\/p>\n<p>Neste ano, a APBMX passou a ser uma Liga Nacional de Bicicross, com a presen\u00e7a de pilotos de outros Estados na disputa do Campeonato Paulista.<\/p>\n<p>Nesta competi\u00e7\u00e3o, S\u00e3o Jos\u00e9 dos Campos ser\u00e1 representada por 14 atletas da equipe S\u00e3o Jos\u00e9 Ciclismo\/ Atleta Cidad\u00e3o.<\/p>\n<p><span class=\"intertitulo\"><strong>Programa\u00e7\u00e3o<\/strong><\/span><\/p>\n<p><span class=\"intertitulo\"><strong><\/strong><\/span><\/p>\n<p>Os treinos oficiais dos atletas come\u00e7am no s\u00e1bado (2), a partir das 9h. Separados em 8 grupos de pilotos, os treinos oficiais t\u00eam dura\u00e7\u00e3o de 30 minutos por categoria, com mais 2 treinos livres de 40 minutos, que ser\u00e3o divididos entre os pelot\u00f5es de cada per\u00edodo de treinamento (manh\u00e3 e tarde).<\/p>\n<p>No domingo, a chipagem das bikes come\u00e7a \u00e0s 7h e o aquecimento dos competidores a partir das 8h, com a abertura do campeonato \u00e0s 9h30. A primeira prova da 7\u00aa Etapa do Campeonato Paulista ser\u00e1 \u00e0s 10h. O evento tem previs\u00e3o de encerramento \u00e0s 18h.<\/p>\n<p><span class=\"intertitulo\"><strong>A Pista<\/strong><\/span><\/p>\n<\/p>\n<p>Com 420 metros de extens\u00e3o, a pista de BMX do Parque Industrial recebeu recentemente a reforma mais significativa desde sua constru\u00e7\u00e3o.<\/p>\n<p>A pista foi totalmente asfaltada, pintada e com todos os obst\u00e1culos refeitos, de maneira mais atrativa para as corridas em alta velocidade.<\/p>\n<p>Al\u00e9m disso, ganhou ilumina\u00e7\u00e3o e est\u00e1 nos padr\u00f5es da UCI (Uni\u00e3o Cicl\u00edstica Internacional), que possibilita a realiza\u00e7\u00e3o de grandes eventos radicais, como o Campeonato Paulista de BMX, inclusive de relev\u00e2ncia internacional.<\/p>\n<p>&#13;<br \/>\n                        <strong>MAIS NOT\u00cdCIAS<\/strong><br \/>&#13;<br \/>\n                        Secretaria de Esporte e Qualidade de Vida&#13;\n                    <\/p>\n<\/p><\/div>\n","protected":false},"excerpt":{"rendered":"<p>Lucas Lemes&#13; &#13; Secretaria de Esporte e Qualidade de Vida S\u00e3o Jos\u00e9 dos Campos sediar\u00e1 neste domingo (3) a 7\u00aa Etapa do Campeonato Paulista de BMX. Realizado pela Associa\u00e7\u00e3o Paulista de Bicicross (APBMX) e com o apoio da Prefeitura de S\u00e3o Jos\u00e9 dos Campos, o evento acontece a partir das 9h30 na Pista de BMX &#8230; <a title=\"S\u00e3o Jos\u00e9 recebe etapa do Paulista de BMX neste domingo\" class=\"read-more\" href=\"https:\/\/superinteressantes.com.br\/index.php\/2024\/10\/30\/sao-jose-recebe-etapa-do-paulista-de-bmx-neste-domingo\/\" aria-label=\"More on S\u00e3o Jos\u00e9 recebe etapa do Paulista de BMX neste domingo\">Ler mais<\/a><\/p>\n","protected":false},"author":1,"featured_media":0,"comment_status":"","ping_status":"","sticky":false,"template":"","format":"standard","meta":{"footnotes":""},"categories":[1],"tags":[],"class_list":["post-17803","post","type-post","status-publish","format-standard","hentry","category-sem-categoria"],"amp_enabled":true,"_links":{"self":[{"href":"https:\/\/superinteressantes.com.br\/index.php\/wp-json\/wp\/v2\/posts\/17803","targetHints":{"allow":["GET"]}}],"collection":[{"href":"https:\/\/superinteressantes.com.br\/index.php\/wp-json\/wp\/v2\/posts"}],"about":[{"href":"https:\/\/superinteressantes.com.br\/index.php\/wp-json\/wp\/v2\/types\/post"}],"author":[{"embeddable":true,"href":"https:\/\/superinteressantes.com.br\/index.php\/wp-json\/wp\/v2\/users\/1"}],"replies":[{"embeddable":true,"href":"https:\/\/superinteressantes.com.br\/index.php\/wp-json\/wp\/v2\/comments?post=17803"}],"version-history":[{"count":0,"href":"https:\/\/superinteressantes.com.br\/index.php\/wp-json\/wp\/v2\/posts\/17803\/revisions"}],"wp:attachment":[{"href":"https:\/\/superinteressantes.com.br\/index.php\/wp-json\/wp\/v2\/media?parent=17803"}],"wp:term":[{"taxonomy":"category","embeddable":true,"href":"https:\/\/superinteressantes.com.br\/index.php\/wp-json\/wp\/v2\/categories?post=17803"},{"taxonomy":"post_tag","embeddable":true,"href":"https:\/\/superinteressantes.com.br\/index.php\/wp-json\/wp\/v2\/tags?post=17803"}],"curies":[{"name":"wp","href":"https:\/\/api.w.org\/{rel}","templated":true}]}}