{"id":1575,"date":"2023-09-14T16:42:03","date_gmt":"2023-09-14T19:42:03","guid":{"rendered":"http:\/\/superinteressantes.com.br\/index.php\/2023\/09\/14\/governo-de-sp-paga-r-115-milhoes-em-bonificacao-para-servidores-do-centro-paula-souza\/"},"modified":"2023-09-14T16:42:03","modified_gmt":"2023-09-14T19:42:03","slug":"governo-de-sp-paga-r-115-milhoes-em-bonificacao-para-servidores-do-centro-paula-souza","status":"publish","type":"post","link":"https:\/\/superinteressantes.com.br\/index.php\/2023\/09\/14\/governo-de-sp-paga-r-115-milhoes-em-bonificacao-para-servidores-do-centro-paula-souza\/","title":{"rendered":"Governo de SP paga R$ 115 milh\u00f5es em bonifica\u00e7\u00e3o para servidores do Centro Paula Souza"},"content":{"rendered":"<p><img decoding=\"async\" src=\"https:\/\/www.saopaulo.sp.gov.br\/wp-content\/uploads\/2023\/08\/53067894532_924f65c58c_k-1.jpg\" \/><\/p>\n<div id=\"\">&#13;<br \/>\n                                <!-- Title -->&#13;<br \/>\n                                &#13;<br \/>\n&#13;<br \/>\n                                <!-- Excerpt -->&#13;<\/p>\n<p class=\"excerpt\">Ser\u00e3o beneficiados cerca de 18 mil servidores, sendo 14 mil professores de Etecs e Fatecs, al\u00e9m de 4 mil administrativos<\/p>\n<p>&#13;<br \/>\n&#13;<br \/>\n                                &#13;\n                            <\/p><\/div>\n<div id=\"\">&#13;<\/p>\n<figure id=\"attachment_5717416\" style=\"width: 100%;max-width: 800px\" class=\"wp-caption alignnone caption-hide\"><figcaption class=\"wp-caption-text\">Al\u00e9m do percentual mensal padr\u00e3o, o c\u00e1lculo da b\u00f4nus leva em considera\u00e7\u00e3o o \u00cdndice Agregado de Cumprimento de Meta, bem como a frequ\u00eancia do servidor<\/figcaption><\/figure>\n<p>O Governo de SP realiza no pr\u00f3ximo dia 20 o pagamento de R$ 115 milh\u00f5es em Bonifica\u00e7\u00e3o por Resultados (BR), como reconhecimento da dedica\u00e7\u00e3o e do esfor\u00e7o dos professores e administrativos do Centro Paula Souza (CPS) durante o exerc\u00edcio de 2022.<\/p>\n<p>Ser\u00e3o beneficiados cerca de 18 mil servidores do CPS, sendo 14 mil docentes de Escolas T\u00e9cnicas (Etecs) e Faculdades de Tecnologia (Fatecs) estaduais, e 4 mil administrativos. Al\u00e9m do percentual mensal de 8,34%, o c\u00e1lculo da bonifica\u00e7\u00e3o levar\u00e1 em considera\u00e7\u00e3o o \u00cdndice Agregado de Cumprimento de Meta (IACM) obtido por cada unidade escolar, bem como a frequ\u00eancia do servidor.<\/p>\n<p>\u201cO pagamento da bonifica\u00e7\u00e3o pelo Governo do Estado valoriza o empenho incans\u00e1vel dos nossos professores e servidores, que buscam aprimorar cada vez mais a excel\u00eancia do servi\u00e7o prestado pela institui\u00e7\u00e3o\u201d, ressalta a diretora-superintendente do CPS, Laura Lagan\u00e1.<\/p>\n<p><strong>Indicadores<\/strong><\/p>\n<p>Para definir os indicadores da BR nas Etecs e Fatecs, foram considerados a taxa de conclus\u00e3o de curso e o \u00edndice de participa\u00e7\u00e3o na Escola de Inovadores. Os resultados de cada Etec em avalia\u00e7\u00f5es externas, como o Sistema de Avalia\u00e7\u00e3o de Rendimento Escolar do Estado de S\u00e3o Paulo (Saresp) tamb\u00e9m foram levados em considera\u00e7\u00e3o. Para as Fatecs, foram inseridos ainda o reconhecimento de cursos pelo Conselho Estadual de Educa\u00e7\u00e3o (CEE) e a avalia\u00e7\u00e3o de rendimento escolar.<\/p>\n<p>No caso dos servidores da Administra\u00e7\u00e3o Central, al\u00e9m da forma\u00e7\u00e3o inicial e educa\u00e7\u00e3o continuada oferecidas pela institui\u00e7\u00e3o, foram considerados o desempenho m\u00e9dio de todas as unidades de ensino, a cria\u00e7\u00e3o e a atualiza\u00e7\u00e3o de cursos em conson\u00e2ncia com o mercado de trabalho.<\/p>\n<\/p><\/div>\n","protected":false},"excerpt":{"rendered":"<p>&#13; &#13; &#13; &#13; &#13; Ser\u00e3o beneficiados cerca de 18 mil servidores, sendo 14 mil professores de Etecs e Fatecs, al\u00e9m de 4 mil administrativos &#13; &#13; &#13; &#13; Al\u00e9m do percentual mensal padr\u00e3o, o c\u00e1lculo da b\u00f4nus leva em considera\u00e7\u00e3o o \u00cdndice Agregado de Cumprimento de Meta, bem como a frequ\u00eancia do servidor O &#8230; <a title=\"Governo de SP paga R$ 115 milh\u00f5es em bonifica\u00e7\u00e3o para servidores do Centro Paula Souza\" class=\"read-more\" href=\"https:\/\/superinteressantes.com.br\/index.php\/2023\/09\/14\/governo-de-sp-paga-r-115-milhoes-em-bonificacao-para-servidores-do-centro-paula-souza\/\" aria-label=\"More on Governo de SP paga R$ 115 milh\u00f5es em bonifica\u00e7\u00e3o para servidores do Centro Paula Souza\">Ler mais<\/a><\/p>\n","protected":false},"author":1,"featured_media":0,"comment_status":"open","ping_status":"open","sticky":false,"template":"","format":"standard","meta":{"footnotes":""},"categories":[1],"tags":[],"class_list":["post-1575","post","type-post","status-publish","format-standard","hentry","category-sem-categoria"],"amp_enabled":true,"_links":{"self":[{"href":"https:\/\/superinteressantes.com.br\/index.php\/wp-json\/wp\/v2\/posts\/1575","targetHints":{"allow":["GET"]}}],"collection":[{"href":"https:\/\/superinteressantes.com.br\/index.php\/wp-json\/wp\/v2\/posts"}],"about":[{"href":"https:\/\/superinteressantes.com.br\/index.php\/wp-json\/wp\/v2\/types\/post"}],"author":[{"embeddable":true,"href":"https:\/\/superinteressantes.com.br\/index.php\/wp-json\/wp\/v2\/users\/1"}],"replies":[{"embeddable":true,"href":"https:\/\/superinteressantes.com.br\/index.php\/wp-json\/wp\/v2\/comments?post=1575"}],"version-history":[{"count":0,"href":"https:\/\/superinteressantes.com.br\/index.php\/wp-json\/wp\/v2\/posts\/1575\/revisions"}],"wp:attachment":[{"href":"https:\/\/superinteressantes.com.br\/index.php\/wp-json\/wp\/v2\/media?parent=1575"}],"wp:term":[{"taxonomy":"category","embeddable":true,"href":"https:\/\/superinteressantes.com.br\/index.php\/wp-json\/wp\/v2\/categories?post=1575"},{"taxonomy":"post_tag","embeddable":true,"href":"https:\/\/superinteressantes.com.br\/index.php\/wp-json\/wp\/v2\/tags?post=1575"}],"curies":[{"name":"wp","href":"https:\/\/api.w.org\/{rel}","templated":true}]}}