{"id":12694,"date":"2024-06-10T07:08:25","date_gmt":"2024-06-10T10:08:25","guid":{"rendered":"https:\/\/superinteressantes.com.br\/index.php\/2024\/06\/10\/prefeitura-abre-edital-para-guarda-vidas-e-monitoria\/"},"modified":"2024-06-10T07:08:25","modified_gmt":"2024-06-10T10:08:25","slug":"prefeitura-abre-edital-para-guarda-vidas-e-monitoria","status":"publish","type":"post","link":"https:\/\/superinteressantes.com.br\/index.php\/2024\/06\/10\/prefeitura-abre-edital-para-guarda-vidas-e-monitoria\/","title":{"rendered":"Prefeitura abre edital para guarda-vidas e monitoria"},"content":{"rendered":"<p><\/p>\n<div>\n<p><b>Lucas Lemes<\/b><br \/>&#13;<br \/>\n&#13;<br \/>\n                <span style=\"font-weight: bold;\">Secretaria de Esporte e Qualidade de Vida<\/span><\/p>\n<p>A Prefeitura de S\u00e3o Jos\u00e9 dos Campos reabrir\u00e1 nesta segunda-feira (10) o credenciamento de monitores, guarda-vidas e auxiliares para atuarem nas \u00e1reas de recrea\u00e7\u00e3o e lazer da Secretaria de Esporte e Qualidade de Vida.\u00a0O\u00a0edital\u00a0est\u00e1 dispon\u00edvel no site da Prefeitura.<\/p>\n<p>As inscri\u00e7\u00f5es v\u00e3o at\u00e9 o dia 10 de julho e podem ser feitas presencialmente na sede da Secretaria de Esporte e Qualidade de Vida (Rua Aurora Pinto da cunha, 131 \u2013 Jd. Am\u00e9rica), de segunda a sexta, das 8h15 \u00e0s 11h15 e das 14h \u00e0s 17h, ou pelo e-mail drl@sjc.sp.gov.br com o envio do requerimento de credenciamento devidamente preenchido e assinado, al\u00e9m de toda a documenta\u00e7\u00e3o relacionada, de acordo com o edital publicado no site da Prefeitura.<\/p>\n<p>O processo seletivo preencher\u00e1 as 615 vagas dispon\u00edveis para monitores, auxiliares de monitor, guarda-vidas, monitor de coordena\u00e7\u00e3o para desenvolvimento das atividades recreativas e esportivas at\u00e9 31 de julho de 2025.<\/p>\n<p>As vagas s\u00e3o para trabalhos espor\u00e1dicos atrav\u00e9s de rod\u00edzios, conforme a demanda de eventos, sem v\u00ednculo empregat\u00edcio. Os selecionados ir\u00e3o atuar em programas como Rua de Lazer, Projeto Ver\u00e3o, Brincando nas F\u00e9rias, Jogos da Terceira Idade, entre outros.<\/p>\n<p>A lista dos credenciados ser\u00e1 divulgada por \u00e1rea de atua\u00e7\u00e3o e ordem alfab\u00e9tica e publicada no site da Prefeitura.<\/p>\n<\/p>\n<p><sub><em>Profissionais v\u00e3o atuar nos eventos da Prefeitura voltados ao esporte e lazer | Foto: PMSJC<\/em><\/sub><\/p>\n<p><span class=\"intertitulo\">Guarda-vidas<\/span><\/p>\n<p>O credenciamento para guarda-vidas \u00e9 a fun\u00e7\u00e3o com mais vagas dispon\u00edveis, com possibilidades maiores de chamamento via rod\u00edzio.<\/p>\n<p>Para ingressar, \u00e9 necess\u00e1rio apresentar os documentos de inscri\u00e7\u00e3o, possuir Certificado de Salvamento Aqu\u00e1tico e estar devidamente habilitado para a fun\u00e7\u00e3o, com a carteira de habilita\u00e7\u00e3o de guarda-vidas em dia, al\u00e9m de ter experi\u00eancia como guarda-vidas comprovada.<\/p>\n<p>2\u00aa Reabertura: 10 de junho a 10 de julho de 2024<\/p>\n<p>&#13;<br \/>\n                        <strong>MAIS NOT\u00cdCIAS<\/strong><br \/>&#13;<br \/>\n                        Secretaria de Esporte e Qualidade de Vida&#13;\n                    <\/p>\n<\/p><\/div>\n","protected":false},"excerpt":{"rendered":"<p>Lucas Lemes&#13; &#13; Secretaria de Esporte e Qualidade de Vida A Prefeitura de S\u00e3o Jos\u00e9 dos Campos reabrir\u00e1 nesta segunda-feira (10) o credenciamento de monitores, guarda-vidas e auxiliares para atuarem nas \u00e1reas de recrea\u00e7\u00e3o e lazer da Secretaria de Esporte e Qualidade de Vida.\u00a0O\u00a0edital\u00a0est\u00e1 dispon\u00edvel no site da Prefeitura. As inscri\u00e7\u00f5es v\u00e3o at\u00e9 o dia &#8230; <a title=\"Prefeitura abre edital para guarda-vidas e monitoria\" class=\"read-more\" href=\"https:\/\/superinteressantes.com.br\/index.php\/2024\/06\/10\/prefeitura-abre-edital-para-guarda-vidas-e-monitoria\/\" aria-label=\"More on Prefeitura abre edital para guarda-vidas e monitoria\">Ler mais<\/a><\/p>\n","protected":false},"author":1,"featured_media":0,"comment_status":"open","ping_status":"open","sticky":false,"template":"","format":"standard","meta":{"footnotes":""},"categories":[1],"tags":[],"class_list":["post-12694","post","type-post","status-publish","format-standard","hentry","category-sem-categoria"],"amp_enabled":true,"_links":{"self":[{"href":"https:\/\/superinteressantes.com.br\/index.php\/wp-json\/wp\/v2\/posts\/12694","targetHints":{"allow":["GET"]}}],"collection":[{"href":"https:\/\/superinteressantes.com.br\/index.php\/wp-json\/wp\/v2\/posts"}],"about":[{"href":"https:\/\/superinteressantes.com.br\/index.php\/wp-json\/wp\/v2\/types\/post"}],"author":[{"embeddable":true,"href":"https:\/\/superinteressantes.com.br\/index.php\/wp-json\/wp\/v2\/users\/1"}],"replies":[{"embeddable":true,"href":"https:\/\/superinteressantes.com.br\/index.php\/wp-json\/wp\/v2\/comments?post=12694"}],"version-history":[{"count":0,"href":"https:\/\/superinteressantes.com.br\/index.php\/wp-json\/wp\/v2\/posts\/12694\/revisions"}],"wp:attachment":[{"href":"https:\/\/superinteressantes.com.br\/index.php\/wp-json\/wp\/v2\/media?parent=12694"}],"wp:term":[{"taxonomy":"category","embeddable":true,"href":"https:\/\/superinteressantes.com.br\/index.php\/wp-json\/wp\/v2\/categories?post=12694"},{"taxonomy":"post_tag","embeddable":true,"href":"https:\/\/superinteressantes.com.br\/index.php\/wp-json\/wp\/v2\/tags?post=12694"}],"curies":[{"name":"wp","href":"https:\/\/api.w.org\/{rel}","templated":true}]}}