{"id":12675,"date":"2024-06-09T18:34:21","date_gmt":"2024-06-09T21:34:21","guid":{"rendered":"https:\/\/superinteressantes.com.br\/index.php\/2024\/06\/09\/urbam-homenageia-funcionarios-por-trabalho-de-excelencia\/"},"modified":"2024-06-09T18:34:21","modified_gmt":"2024-06-09T21:34:21","slug":"urbam-homenageia-funcionarios-por-trabalho-de-excelencia","status":"publish","type":"post","link":"https:\/\/superinteressantes.com.br\/index.php\/2024\/06\/09\/urbam-homenageia-funcionarios-por-trabalho-de-excelencia\/","title":{"rendered":"Urbam homenageia funcion\u00e1rios por trabalho de excel\u00eancia"},"content":{"rendered":"<p><\/p>\n<div>\n<p><b>Ana L\u00facia Abranches<\/b><br \/>&#13;<br \/>\n&#13;<br \/>\n                <span style=\"font-weight: bold;\">Urbam<\/span><\/p>\n<p>A Urbam (Urbanizadora Muniipal) prestou homenagem aos mais de 130 funcion\u00e1rios da Esta\u00e7\u00e3o de Tratamento de Res\u00edduos S\u00f3lidos nesta sexta (7) ap\u00f3s a conquista pela quarta vez consecutiva da nota 10 conferida pela Cetesb ao aterro sanit\u00e1rio de S\u00e3o Jos\u00e9 dos Campos.<\/p>\n<p>Em 2023, apenas 11 aterros sanit\u00e1rios receberam essa nota m\u00e1xima, sendo 7 particulares e 4 municipais, incluindo o de S\u00e3o Jos\u00e9 dos Campos.<\/p>\n<p>A dedica\u00e7\u00e3o dos funcion\u00e1rios foi essencial para alcan\u00e7ar esse reconhecimento, assim como os cont\u00ednuos investimentos da Prefeitura de S\u00e3o Jos\u00e9 dos Campos na opera\u00e7\u00e3o e manuten\u00e7\u00e3o do aterro, com foco na preven\u00e7\u00e3o, monitoramento e expans\u00e3o sustent\u00e1vel.<\/p>\n<\/p>\n<p><sub><em>Funcion\u00e1rios foram reconhecidos pela excel\u00eancia na gest\u00e3o do aterro | Foto: Adenir Britto\/PMSJC<\/em><\/sub><\/p>\n<p>Na Semana Mundial do Meio Ambiente, o aterro nota 10 \u00e9 uma das a\u00e7\u00f5es de sustentabilidade desenvolvidas. Destacamos ainda a coleta seletiva em 100% da \u00e1rea urbana e no distrito de S\u00e3o Francisco Xavier, a gera\u00e7\u00e3o de energia por meio de biog\u00e1s do aterro sanit\u00e1rio, o estudo para tratamento dos res\u00edduos e do chorume, as a\u00e7\u00f5es de limpeza p\u00fablica, entre outras.<\/p>\n<p>&#13;<br \/>\n                        <strong>MAIS NOT\u00cdCIAS<\/strong><br \/>&#13;<br \/>\n                        Urbam&#13;\n                    <\/p>\n<\/p><\/div>\n","protected":false},"excerpt":{"rendered":"<p>Ana L\u00facia Abranches&#13; &#13; Urbam A Urbam (Urbanizadora Muniipal) prestou homenagem aos mais de 130 funcion\u00e1rios da Esta\u00e7\u00e3o de Tratamento de Res\u00edduos S\u00f3lidos nesta sexta (7) ap\u00f3s a conquista pela quarta vez consecutiva da nota 10 conferida pela Cetesb ao aterro sanit\u00e1rio de S\u00e3o Jos\u00e9 dos Campos. Em 2023, apenas 11 aterros sanit\u00e1rios receberam essa &#8230; <a title=\"Urbam homenageia funcion\u00e1rios por trabalho de excel\u00eancia\" class=\"read-more\" href=\"https:\/\/superinteressantes.com.br\/index.php\/2024\/06\/09\/urbam-homenageia-funcionarios-por-trabalho-de-excelencia\/\" aria-label=\"More on Urbam homenageia funcion\u00e1rios por trabalho de excel\u00eancia\">Ler mais<\/a><\/p>\n","protected":false},"author":1,"featured_media":0,"comment_status":"open","ping_status":"open","sticky":false,"template":"","format":"standard","meta":{"footnotes":""},"categories":[1],"tags":[],"class_list":["post-12675","post","type-post","status-publish","format-standard","hentry","category-sem-categoria"],"amp_enabled":true,"_links":{"self":[{"href":"https:\/\/superinteressantes.com.br\/index.php\/wp-json\/wp\/v2\/posts\/12675","targetHints":{"allow":["GET"]}}],"collection":[{"href":"https:\/\/superinteressantes.com.br\/index.php\/wp-json\/wp\/v2\/posts"}],"about":[{"href":"https:\/\/superinteressantes.com.br\/index.php\/wp-json\/wp\/v2\/types\/post"}],"author":[{"embeddable":true,"href":"https:\/\/superinteressantes.com.br\/index.php\/wp-json\/wp\/v2\/users\/1"}],"replies":[{"embeddable":true,"href":"https:\/\/superinteressantes.com.br\/index.php\/wp-json\/wp\/v2\/comments?post=12675"}],"version-history":[{"count":0,"href":"https:\/\/superinteressantes.com.br\/index.php\/wp-json\/wp\/v2\/posts\/12675\/revisions"}],"wp:attachment":[{"href":"https:\/\/superinteressantes.com.br\/index.php\/wp-json\/wp\/v2\/media?parent=12675"}],"wp:term":[{"taxonomy":"category","embeddable":true,"href":"https:\/\/superinteressantes.com.br\/index.php\/wp-json\/wp\/v2\/categories?post=12675"},{"taxonomy":"post_tag","embeddable":true,"href":"https:\/\/superinteressantes.com.br\/index.php\/wp-json\/wp\/v2\/tags?post=12675"}],"curies":[{"name":"wp","href":"https:\/\/api.w.org\/{rel}","templated":true}]}}