{"id":12640,"date":"2024-06-08T18:49:52","date_gmt":"2024-06-08T21:49:52","guid":{"rendered":"https:\/\/superinteressantes.com.br\/index.php\/2024\/06\/08\/ubss-atendem-populacao-no-dia-d-contra-polio-e-multivacinacao\/"},"modified":"2024-06-08T18:49:52","modified_gmt":"2024-06-08T21:49:52","slug":"ubss-atendem-populacao-no-dia-d-contra-polio-e-multivacinacao","status":"publish","type":"post","link":"https:\/\/superinteressantes.com.br\/index.php\/2024\/06\/08\/ubss-atendem-populacao-no-dia-d-contra-polio-e-multivacinacao\/","title":{"rendered":"UBSs atendem popula\u00e7\u00e3o no dia D contra p\u00f3lio e multivacina\u00e7\u00e3o"},"content":{"rendered":"<p><\/p>\n<div>\n<p><b>Jos\u00e9 Roberto Amaral<\/b><br \/>&#13;<br \/>\n&#13;<br \/>\n                <span style=\"font-weight: bold;\">Secretaria de Sa\u00fade<\/span><\/p>\n<p>A Prefeitura de S\u00e3o Jos\u00e9 dos Campos realizou neste s\u00e1bado (8) o dia \u201cD\u201d da vacina\u00e7\u00e3o contra a Poliomielite. Sete UBSs (Unidades B\u00e1sicas de Sa\u00fade) Resolve ficaram abertas das 9h \u00e0s 14h para aplicar as doses.\u00a0<\/p>\n<p>A a\u00e7\u00e3o integra a campanha nacional de mobiliza\u00e7\u00e3o e incentivo \u00e0 vacina\u00e7\u00e3o que foi iniciada em maio e segue at\u00e9 a pr\u00f3xima sexta-feira (14).\u00a0<\/p>\n<p>Foram utilizadas as vacinas oral poliomielite (VOP) e inativada poliomielite (VIP).\u00a0<\/p>\n<p>As crian\u00e7as de 1 ano a menores de 5 anos (4 anos, 11 meses e 29 dias), que j\u00e1 receberam as tr\u00eas doses de VIP, dever\u00e3o ser vacinadas indiscriminadamente com a VOP. Nesta situa\u00e7\u00e3o, n\u00e3o \u00e9 necess\u00e1rio respeitar o intervalo m\u00ednimo entre a dose de VOP administrada no per\u00edodo da campanha e a dose da rotina.\u00a0<\/p>\n<p>Esta \u00e9 uma oportunidade tamb\u00e9m para as crian\u00e7as menores de 1 ano de idade manterem a carteirinha atualizada conforme a situa\u00e7\u00e3o vacinal encontrada para o esquema prim\u00e1rio (tr\u00eas doses da vacina inativada poliomielite \u2014 VIP).\u00a0<\/p>\n<p>Foi o caso da pequena Stefanie, de 9 meses, que aproveitou o s\u00e1bado para se imunizar, levada pela m\u00e3e Luana Aparecida de Souza at\u00e9 a UBS do Bosque dos Eucaliptos, na regi\u00e3o sul.\u00a0<\/p>\n<p>\u201cMoro aqui perto da UBS, mas como trabalho a semana toda, resolvi aproveitar o s\u00e1bado. A vacina\u00e7\u00e3o \u00e9 muito importante. Hoje fizemos a polio\u201d, disse Luana.\u00a0<\/p>\n<p><span class=\"intertitulo\">Multivacina\u00e7\u00e3o\u00a0<\/span><\/p>\n<p>Al\u00e9m da imuniza\u00e7\u00e3o contra a paralisia infantil, as UBSs fizeram a atualiza\u00e7\u00e3o da carteira de vacina\u00e7\u00e3o para toda a popula\u00e7\u00e3o, com aplica\u00e7\u00e3o de doses que eventualmente estejam em atraso, inclusive a vacina contra a gripe (influenza) para as pessoas acima de 6 meses de idade.\u00a0<\/p>\n<p>Durante a semana, a vacina\u00e7\u00e3o acontece normalmente em todas as unidades de sa\u00fade. Os endere\u00e7os e hor\u00e1rios de funcionamento das unidades est\u00e3o dispon\u00edveis para consulta no site da Prefeitura. Importante ressaltar que a vacina\u00e7\u00e3o \u00e9 encerrada uma hora antes do fechamento da unidade.\u00a0<\/p>\n<p>&#13;<br \/>\n                        <strong>MAIS NOT\u00cdCIAS<\/strong><br \/>&#13;<br \/>\n                        Secretaria de Sa\u00fade&#13;\n                    <\/p>\n<\/p><\/div>\n","protected":false},"excerpt":{"rendered":"<p>Jos\u00e9 Roberto Amaral&#13; &#13; Secretaria de Sa\u00fade A Prefeitura de S\u00e3o Jos\u00e9 dos Campos realizou neste s\u00e1bado (8) o dia \u201cD\u201d da vacina\u00e7\u00e3o contra a Poliomielite. Sete UBSs (Unidades B\u00e1sicas de Sa\u00fade) Resolve ficaram abertas das 9h \u00e0s 14h para aplicar as doses.\u00a0 A a\u00e7\u00e3o integra a campanha nacional de mobiliza\u00e7\u00e3o e incentivo \u00e0 vacina\u00e7\u00e3o &#8230; <a title=\"UBSs atendem popula\u00e7\u00e3o no dia D contra p\u00f3lio e multivacina\u00e7\u00e3o\" class=\"read-more\" href=\"https:\/\/superinteressantes.com.br\/index.php\/2024\/06\/08\/ubss-atendem-populacao-no-dia-d-contra-polio-e-multivacinacao\/\" aria-label=\"More on UBSs atendem popula\u00e7\u00e3o no dia D contra p\u00f3lio e multivacina\u00e7\u00e3o\">Ler mais<\/a><\/p>\n","protected":false},"author":1,"featured_media":0,"comment_status":"open","ping_status":"open","sticky":false,"template":"","format":"standard","meta":{"footnotes":""},"categories":[1],"tags":[],"class_list":["post-12640","post","type-post","status-publish","format-standard","hentry","category-sem-categoria"],"amp_enabled":true,"_links":{"self":[{"href":"https:\/\/superinteressantes.com.br\/index.php\/wp-json\/wp\/v2\/posts\/12640","targetHints":{"allow":["GET"]}}],"collection":[{"href":"https:\/\/superinteressantes.com.br\/index.php\/wp-json\/wp\/v2\/posts"}],"about":[{"href":"https:\/\/superinteressantes.com.br\/index.php\/wp-json\/wp\/v2\/types\/post"}],"author":[{"embeddable":true,"href":"https:\/\/superinteressantes.com.br\/index.php\/wp-json\/wp\/v2\/users\/1"}],"replies":[{"embeddable":true,"href":"https:\/\/superinteressantes.com.br\/index.php\/wp-json\/wp\/v2\/comments?post=12640"}],"version-history":[{"count":0,"href":"https:\/\/superinteressantes.com.br\/index.php\/wp-json\/wp\/v2\/posts\/12640\/revisions"}],"wp:attachment":[{"href":"https:\/\/superinteressantes.com.br\/index.php\/wp-json\/wp\/v2\/media?parent=12640"}],"wp:term":[{"taxonomy":"category","embeddable":true,"href":"https:\/\/superinteressantes.com.br\/index.php\/wp-json\/wp\/v2\/categories?post=12640"},{"taxonomy":"post_tag","embeddable":true,"href":"https:\/\/superinteressantes.com.br\/index.php\/wp-json\/wp\/v2\/tags?post=12640"}],"curies":[{"name":"wp","href":"https:\/\/api.w.org\/{rel}","templated":true}]}}