{"id":12638,"date":"2024-06-08T18:03:08","date_gmt":"2024-06-08T21:03:08","guid":{"rendered":"https:\/\/superinteressantes.com.br\/index.php\/2024\/06\/08\/voluntarios-se-juntam-ao-amigos-da-praia-em-catacao-pela-semana-do-meio-ambiente-e-dia-mundial-dos-oceanos\/"},"modified":"2024-06-08T18:03:08","modified_gmt":"2024-06-08T21:03:08","slug":"voluntarios-se-juntam-ao-amigos-da-praia-em-catacao-pela-semana-do-meio-ambiente-e-dia-mundial-dos-oceanos","status":"publish","type":"post","link":"https:\/\/superinteressantes.com.br\/index.php\/2024\/06\/08\/voluntarios-se-juntam-ao-amigos-da-praia-em-catacao-pela-semana-do-meio-ambiente-e-dia-mundial-dos-oceanos\/","title":{"rendered":"Volunt\u00e1rios se juntam ao \u2018Amigos da Praia\u2019 em cata\u00e7\u00e3o pela Semana do Meio Ambiente e Dia Mundial dos Oceanos"},"content":{"rendered":"<p><\/p>\n<div>\n<p>Volunt\u00e1rios se juntaram aos integrantes do programa \u2018Amigos da Praia\u2019 em cata\u00e7\u00e3o na faixa de areia, pr\u00f3ximo ao Busto de Tamandar\u00e9, neste s\u00e1bado (8), contemplando a Orla de Tamba\u00fa e Cabo Branco. O evento foi aberto pelo grupo de percuss\u00e3o da Autarquia Especial Municipal de Limpeza Urbana (Emlur), Baticumlata, que chamou a aten\u00e7\u00e3o dos frequentadores das praias. A a\u00e7\u00e3o educativa marca o encerramento das atividades da Semana do Meio Ambiente e comemora o Dia Mundial dos Oceanos.<\/p>\n<figure class=\"wp-block-gallery has-nested-images columns-default is-cropped wp-block-gallery-1 is-layout-flex wp-block-gallery-is-layout-flex\">\n<figure class=\"wp-block-image size-large\"><\/figure>\n<figure class=\"wp-block-image size-large\"><\/figure>\n<\/figure>\n<p>O programa Amigos da Praia \u00e9 executado pela Emlur, em parceria com a Secretaria de Meio Ambiente (Semam), e apoio de outras pastas. No ver\u00e3o, a a\u00e7\u00e3o educativa percorreu o litoral pessoense, orientando a popula\u00e7\u00e3o sobre o correto descarte de res\u00edduos durante a perman\u00eancia nas praias.<\/p>\n<p>A cata\u00e7\u00e3o contou com o apoio de organiza\u00e7\u00f5es sociais de defesa do meio ambiente, a exemplo dos volunt\u00e1rios da A\u00e7\u00e3o Mar Azul. Segundo uma das participantes, Eliana Lucena, o projeto surgiu como responsabilidade ambiental a partir das atividades da empresa dela. \u201cTrabalhamos com passeios de caiaque e, como amantes do mar, temos a obriga\u00e7\u00e3o de cuidar e preservar o meio ambiente. Desta forma, fazemos a\u00e7\u00f5es de limpeza nas praias e rios com o apoio de clientes e amigos\u201d, contou.<\/p>\n<p>Segundo a diretora de Valoriza\u00e7\u00e3o e Recupera\u00e7\u00e3o de Res\u00edduos S\u00f3lidos e de Educa\u00e7\u00e3o Ambiental da Emlur, K\u00eania Chaves, o descarte de embalagens de comida e bebida na areia prejudica a fauna e a flora do litoral, sendo importante o trabalho de orienta\u00e7\u00e3o \u00e0 popula\u00e7\u00e3o. \u201c\u00c9 preciso cuidar das \u00e1reas de preserva\u00e7\u00e3o permanente e da vida marinha. A Emlur realiza limpeza di\u00e1ria na faixa de areia. Mas materiais jogados na areia ainda assim podem ser levados pela \u00e1gua do mar, prejudicando o ecossistema\u201d.<\/p>\n<figure class=\"wp-block-gallery has-nested-images columns-default is-cropped wp-block-gallery-2 is-layout-flex wp-block-gallery-is-layout-flex\">\n<figure class=\"wp-block-image size-large\"><\/figure>\n<figure class=\"wp-block-image size-large\"><\/figure>\n<figure class=\"wp-block-image size-large\"><\/figure>\n<\/figure>\n<p>O secret\u00e1rio executivo de Meio Ambiente, Djalma Pereira, destacou a parceria com a Emlur, com o objetivo de agregar a popula\u00e7\u00e3o no cuidado da Orla. \u201cO poder p\u00fablico sozinho n\u00e3o consegue, contamos com as pessoas. Nos preocupamos com a \u00e1rea de restinga e com o descarte adequado dos res\u00edduos. Para isto, fazemos capacita\u00e7\u00e3o com os comerciantes do local\u201d, comentou. Segundo o gestor, o trabalho de conscientiza\u00e7\u00e3o n\u00e3o se restringe \u00e0 Orla, mas \u00e9 difundido em toda a cidade, contemplando escolas, comunidades e eventos da sociedade civil.<\/p>\n<p>A designer de unhas, Camila Rufino, natural de S\u00e3o Paulo, ficou surpresa com a a\u00e7\u00e3o na praia. Ela mudou para Jo\u00e3o Pessoa, com as duas filhas, h\u00e1 quatro meses, em busca de qualidade de vida. \u201cAs pessoas j\u00e1 haviam me falado da limpeza de Jo\u00e3o Pessoa e era tudo verdade. Eu abri um bombom e guardei a embalagem para descartar na lixeira mais pr\u00f3xima porque n\u00e3o poderia jogar no ch\u00e3o, em uma cidade t\u00e3o bem cuidada\u201d, afirmou.<\/p>\n<p><strong>Arte<\/strong> \u2013 Para a coordenadora da Divis\u00e3o de Arte e Cultura (Diac) da Emlur, Risonete Guedes, \u00e9 poss\u00edvel educar e chamar a aten\u00e7\u00e3o para a causa da prote\u00e7\u00e3o ambiental por meio das express\u00f5es art\u00edsticas. \u201cTrouxemos o Baticumlata para se apresentar, um grupo formado por nossos servidores que utiliza materiais de metal e pl\u00e1stico para produzir m\u00fasicas\u201d.<\/p>\n<p>Os agentes ambientais da Semam plantaram coqueiros na praia e entregaram mudas de \u00e1rvores nativas \u00e0 popula\u00e7\u00e3o, dentro da pol\u00edtica de incentivar o plantio na cidade. Para isto, os t\u00e9cnicos deram orienta\u00e7\u00f5es aos interessados. J\u00e1 a empresa Horizon, que administra o aterro sanit\u00e1rio, entregou res\u00edduos org\u00e2nicos (adubo) resultantes de compostagem.<\/p>\n<p>As equipes de agentes da Emlur executam servi\u00e7os de limpeza nas praias todos os dias, em todos os turnos. H\u00e1 o servi\u00e7o de cata\u00e7\u00e3o na faixa de areia, varri\u00e7\u00e3o na cal\u00e7adinha e ciclofaixa, al\u00e9m da coleta de res\u00edduos s\u00f3lidos. Os servi\u00e7os s\u00e3o executados pelos agentes de limpeza com o uso de maquin\u00e1rio.<\/p>\n<\/p><\/div>\n","protected":false},"excerpt":{"rendered":"<p>Volunt\u00e1rios se juntaram aos integrantes do programa \u2018Amigos da Praia\u2019 em cata\u00e7\u00e3o na faixa de areia, pr\u00f3ximo ao Busto de Tamandar\u00e9, neste s\u00e1bado (8), contemplando a Orla de Tamba\u00fa e Cabo Branco. O evento foi aberto pelo grupo de percuss\u00e3o da Autarquia Especial Municipal de Limpeza Urbana (Emlur), Baticumlata, que chamou a aten\u00e7\u00e3o dos frequentadores &#8230; <a title=\"Volunt\u00e1rios se juntam ao \u2018Amigos da Praia\u2019 em cata\u00e7\u00e3o pela Semana do Meio Ambiente e Dia Mundial dos Oceanos\" class=\"read-more\" href=\"https:\/\/superinteressantes.com.br\/index.php\/2024\/06\/08\/voluntarios-se-juntam-ao-amigos-da-praia-em-catacao-pela-semana-do-meio-ambiente-e-dia-mundial-dos-oceanos\/\" aria-label=\"More on Volunt\u00e1rios se juntam ao \u2018Amigos da Praia\u2019 em cata\u00e7\u00e3o pela Semana do Meio Ambiente e Dia Mundial dos Oceanos\">Ler mais<\/a><\/p>\n","protected":false},"author":1,"featured_media":0,"comment_status":"open","ping_status":"open","sticky":false,"template":"","format":"standard","meta":{"footnotes":""},"categories":[1],"tags":[],"class_list":["post-12638","post","type-post","status-publish","format-standard","hentry","category-sem-categoria"],"amp_enabled":true,"_links":{"self":[{"href":"https:\/\/superinteressantes.com.br\/index.php\/wp-json\/wp\/v2\/posts\/12638","targetHints":{"allow":["GET"]}}],"collection":[{"href":"https:\/\/superinteressantes.com.br\/index.php\/wp-json\/wp\/v2\/posts"}],"about":[{"href":"https:\/\/superinteressantes.com.br\/index.php\/wp-json\/wp\/v2\/types\/post"}],"author":[{"embeddable":true,"href":"https:\/\/superinteressantes.com.br\/index.php\/wp-json\/wp\/v2\/users\/1"}],"replies":[{"embeddable":true,"href":"https:\/\/superinteressantes.com.br\/index.php\/wp-json\/wp\/v2\/comments?post=12638"}],"version-history":[{"count":0,"href":"https:\/\/superinteressantes.com.br\/index.php\/wp-json\/wp\/v2\/posts\/12638\/revisions"}],"wp:attachment":[{"href":"https:\/\/superinteressantes.com.br\/index.php\/wp-json\/wp\/v2\/media?parent=12638"}],"wp:term":[{"taxonomy":"category","embeddable":true,"href":"https:\/\/superinteressantes.com.br\/index.php\/wp-json\/wp\/v2\/categories?post=12638"},{"taxonomy":"post_tag","embeddable":true,"href":"https:\/\/superinteressantes.com.br\/index.php\/wp-json\/wp\/v2\/tags?post=12638"}],"curies":[{"name":"wp","href":"https:\/\/api.w.org\/{rel}","templated":true}]}}