{"id":12484,"date":"2024-06-03T13:14:52","date_gmt":"2024-06-03T16:14:52","guid":{"rendered":"https:\/\/superinteressantes.com.br\/index.php\/2024\/06\/03\/semam-orienta-sobre-cuidados-com-fogos-e-fogueiras-durante-festas-juninas\/"},"modified":"2024-06-03T13:14:52","modified_gmt":"2024-06-03T16:14:52","slug":"semam-orienta-sobre-cuidados-com-fogos-e-fogueiras-durante-festas-juninas","status":"publish","type":"post","link":"https:\/\/superinteressantes.com.br\/index.php\/2024\/06\/03\/semam-orienta-sobre-cuidados-com-fogos-e-fogueiras-durante-festas-juninas\/","title":{"rendered":"Semam orienta sobre cuidados com fogos e fogueiras durante festas juninas"},"content":{"rendered":"<p><\/p>\n<div>\n<p>Os t\u00e9cnicos da Secretaria de Meio Ambiente (Semam) da Prefeitura de Jo\u00e3o Pessoa est\u00e3o orientando a popula\u00e7\u00e3o sobre o uso de fogos de artif\u00edcio e fogueiras durante as festas de junho. Para que se reduza a fuma\u00e7a a orienta\u00e7\u00e3o \u00e9 que sejam montadas fogueiras coletivas. Em vez de uma fogueira na frente de cada casa, o ideal \u00e9 que se montem por rua. E em rela\u00e7\u00e3o aos fogos de artif\u00edcio, a orienta\u00e7\u00e3o \u00e9 para que se brinque com fogos silenciosos.<\/p>\n<p>\u00a0A Secretaria Municipal de Sa\u00fade (SMS) registrou, no in\u00edcio de maio, um aumento nos \u00edndices de S\u00edndrome Gripal e S\u00edndrome Respirat\u00f3ria Aguda Grave (SRAG) em crian\u00e7as. Por esse motive, a Prefeitura decretou situa\u00e7\u00e3o de emerg\u00eancia, com validade de 90 dias, ou seja, at\u00e9 julho. Por esta raz\u00e3o, a Semam orienta uma redu\u00e7\u00e3o no n\u00famero de fogueiras, para evitar fuma\u00e7a, o que piora os quadros de sa\u00fade das crian\u00e7as com doen\u00e7as respirat\u00f3rias. J\u00e1 em rela\u00e7\u00e3o aos fogos, pessoas com Transtorno do Espectro Autista (TEA) sofrem com barulho, bem como quem est\u00e1 acometido de alguma doen\u00e7a em casa ou em hospitais. O mesmo ocorre com animais, que entram em sofrimento profundo por causa do excesso de barulho provocado pelos fogos.<\/p>\n<p>O secret\u00e1rio de Meio Ambiente, Welison Silveira, destacou que, diferente do per\u00edodo de pandemia da Covid-19, existem menos restri\u00e7\u00f5es, mas nem por isso as pessoas devem perder o bom senso. \u201cNingu\u00e9m vai impedir a livre manifesta\u00e7\u00e3o das tradi\u00e7\u00f5es de junho, mas n\u00f3s contamos com o sentimento de coletividade da popula\u00e7\u00e3o de Jo\u00e3o Pessoa, at\u00e9 porque o S\u00e3o Jo\u00e3o tem uma ideia de coletividade, das festas nas ruas. Se os moradores se re\u00fanem para celebrar, porque n\u00e3o acender uma fogueira por rua? J\u00e1 em rela\u00e7\u00e3o aos fogos, o mercado disponibiliza fogos silenciosos. \u00c9 uma quest\u00e3o de respeito, tanto com as pessoas como com os animais. E n\u00f3s da Semam acreditamos que somos um povo educado, contamos com o sentimento de coletividade da popula\u00e7\u00e3o\u201d, concluiu.<\/p>\n<p>Em rela\u00e7\u00e3o \u00e0 venda de madeira para fogueiras, os t\u00e9cnicos da Semam refor\u00e7am tamb\u00e9m sobre a aten\u00e7\u00e3o com a legisla\u00e7\u00e3o, pois s\u00f3 podem ser comercializadas madeiras com certifica\u00e7\u00e3o da origem do material vendido.<\/p>\n<p>Durante todo o m\u00eas de junho os t\u00e9cnicos da Divis\u00e3o de Fiscaliza\u00e7\u00e3o da Semam estar\u00e3o atuando, com aten\u00e7\u00e3o \u00e0s den\u00fancias de polui\u00e7\u00e3o sonora e demais infra\u00e7\u00f5es ambientais. As den\u00fancias podem ser feitas pelo aplicativo Jo\u00e3o Pessoa na Palma da M\u00e3o ou pelos telefones (83) 98214-7473 e pelo (83) 3218-9208, este \u00faltimo via o chatbot Ac\u00e1cia da Semam, para den\u00fancias exclusivamente via WhatsApp, recebendo v\u00eddeos e mensagens de \u00e1udio.<\/p>\n<\/p><\/div>\n","protected":false},"excerpt":{"rendered":"<p>Os t\u00e9cnicos da Secretaria de Meio Ambiente (Semam) da Prefeitura de Jo\u00e3o Pessoa est\u00e3o orientando a popula\u00e7\u00e3o sobre o uso de fogos de artif\u00edcio e fogueiras durante as festas de junho. Para que se reduza a fuma\u00e7a a orienta\u00e7\u00e3o \u00e9 que sejam montadas fogueiras coletivas. Em vez de uma fogueira na frente de cada casa, &#8230; <a title=\"Semam orienta sobre cuidados com fogos e fogueiras durante festas juninas\" class=\"read-more\" href=\"https:\/\/superinteressantes.com.br\/index.php\/2024\/06\/03\/semam-orienta-sobre-cuidados-com-fogos-e-fogueiras-durante-festas-juninas\/\" aria-label=\"More on Semam orienta sobre cuidados com fogos e fogueiras durante festas juninas\">Ler mais<\/a><\/p>\n","protected":false},"author":1,"featured_media":0,"comment_status":"open","ping_status":"open","sticky":false,"template":"","format":"standard","meta":{"footnotes":""},"categories":[1],"tags":[],"class_list":["post-12484","post","type-post","status-publish","format-standard","hentry","category-sem-categoria"],"amp_enabled":true,"_links":{"self":[{"href":"https:\/\/superinteressantes.com.br\/index.php\/wp-json\/wp\/v2\/posts\/12484","targetHints":{"allow":["GET"]}}],"collection":[{"href":"https:\/\/superinteressantes.com.br\/index.php\/wp-json\/wp\/v2\/posts"}],"about":[{"href":"https:\/\/superinteressantes.com.br\/index.php\/wp-json\/wp\/v2\/types\/post"}],"author":[{"embeddable":true,"href":"https:\/\/superinteressantes.com.br\/index.php\/wp-json\/wp\/v2\/users\/1"}],"replies":[{"embeddable":true,"href":"https:\/\/superinteressantes.com.br\/index.php\/wp-json\/wp\/v2\/comments?post=12484"}],"version-history":[{"count":0,"href":"https:\/\/superinteressantes.com.br\/index.php\/wp-json\/wp\/v2\/posts\/12484\/revisions"}],"wp:attachment":[{"href":"https:\/\/superinteressantes.com.br\/index.php\/wp-json\/wp\/v2\/media?parent=12484"}],"wp:term":[{"taxonomy":"category","embeddable":true,"href":"https:\/\/superinteressantes.com.br\/index.php\/wp-json\/wp\/v2\/categories?post=12484"},{"taxonomy":"post_tag","embeddable":true,"href":"https:\/\/superinteressantes.com.br\/index.php\/wp-json\/wp\/v2\/tags?post=12484"}],"curies":[{"name":"wp","href":"https:\/\/api.w.org\/{rel}","templated":true}]}}