{"id":12456,"date":"2024-06-02T18:22:23","date_gmt":"2024-06-02T21:22:23","guid":{"rendered":"https:\/\/superinteressantes.com.br\/index.php\/2024\/06\/02\/agencia-minas-gerais-emater-mg-discute-estimulo-ao-uso-de-energia-solar-na-agricultura-familiar\/"},"modified":"2024-06-02T18:22:23","modified_gmt":"2024-06-02T21:22:23","slug":"agencia-minas-gerais-emater-mg-discute-estimulo-ao-uso-de-energia-solar-na-agricultura-familiar","status":"publish","type":"post","link":"https:\/\/superinteressantes.com.br\/index.php\/2024\/06\/02\/agencia-minas-gerais-emater-mg-discute-estimulo-ao-uso-de-energia-solar-na-agricultura-familiar\/","title":{"rendered":"Ag\u00eancia Minas Gerais | Emater-MG discute est\u00edmulo ao uso de energia solar na agricultura familiar"},"content":{"rendered":"<p><\/p>\n<div>\n<p>A busca de novas solu\u00e7\u00f5es energ\u00e9ticas para o meio rural foi tema de um semin\u00e1rio sobre energia renov\u00e1veis, realizado nesta quarta-feira (29\/5), Dia Mundial da Energia, na sede da Empresa de Assist\u00eancia T\u00e9cnica e Extens\u00e3o Rural do Estado de Minas Gerais (Emater-MG), em Belo Horizonte. O principal foco do encontro foi a gera\u00e7\u00e3o de energia solar fotovoltaica na agricultura familiar.<\/p>\n<p>O diretor presidente da Emater-MG, Ot\u00e1vio Maia, destacou a import\u00e2ncia da realiza\u00e7\u00e3o do evento. &#8220;N\u00f3s temos oportunidades muito grandes, devido ao alto potencial de gera\u00e7\u00e3o de energia solar em Minas Gerais. A Emater-MG \u00e9 trabalhar energias limpas, gerando renda para o pequeno produtor&#8221;.<\/p>\n<p>De acordo com o diretor de Infraestrutura da Emater-MG, Vit\u00f3rio Alves de Freitas, idealizador do semin\u00e1rio, atualmente \u00e9 fundamental a discuss\u00e3o sobre a gera\u00e7\u00e3o de energia limpa e renov\u00e1vel. \u201cN\u00f3s temos muito a evoluir nessa \u00e1rea e a agricultura familiar tem de participar desse processo. Trazer essa oportunidade para o agricultor, para que ele gere sua energia e o excedente dessa energia possa propiciar uma renda para o pequeno produtor.\u201d, comenta Vit\u00f3rio.<\/p>\n<p><b>Linhas de financiamento<\/b><\/p>\n<p>Durante o evento, a vice-presidente de Gera\u00e7\u00e3o Distribu\u00edda da Associa\u00e7\u00e3o Brasileira de Energia Solar Fotovoltaica (Absolar), B\u00e1rbara Rubim, realizou uma palestra sobre\u00a0micro e minigera\u00e7\u00e3o distribu\u00edda. \u201cDesde 2019, n\u00f3s temos percebido uma procura muito grande do produtor rural por solu\u00e7\u00f5es de gera\u00e7\u00e3o pr\u00f3pria de energia. N\u00f3s temos procurado incentivar isso, seja atrav\u00e9s de linhas de financiamento, seja a cria\u00e7\u00e3o de parcerias espec\u00edficas\u201d, explica B\u00e1rbara.<\/p>\n<p>O semin\u00e1rio Energia Renov\u00e1veis: solu\u00e7\u00f5es energ\u00e9ticas para o meio rural pode ser assistido na \u00edntegra no\u00a0canal do Youtube da Emater.<\/p>\n<\/p><\/div>\n","protected":false},"excerpt":{"rendered":"<p>A busca de novas solu\u00e7\u00f5es energ\u00e9ticas para o meio rural foi tema de um semin\u00e1rio sobre energia renov\u00e1veis, realizado nesta quarta-feira (29\/5), Dia Mundial da Energia, na sede da Empresa de Assist\u00eancia T\u00e9cnica e Extens\u00e3o Rural do Estado de Minas Gerais (Emater-MG), em Belo Horizonte. O principal foco do encontro foi a gera\u00e7\u00e3o de energia &#8230; <a title=\"Ag\u00eancia Minas Gerais | Emater-MG discute est\u00edmulo ao uso de energia solar na agricultura familiar\" class=\"read-more\" href=\"https:\/\/superinteressantes.com.br\/index.php\/2024\/06\/02\/agencia-minas-gerais-emater-mg-discute-estimulo-ao-uso-de-energia-solar-na-agricultura-familiar\/\" aria-label=\"More on Ag\u00eancia Minas Gerais | Emater-MG discute est\u00edmulo ao uso de energia solar na agricultura familiar\">Ler mais<\/a><\/p>\n","protected":false},"author":1,"featured_media":0,"comment_status":"open","ping_status":"open","sticky":false,"template":"","format":"standard","meta":{"footnotes":""},"categories":[1],"tags":[],"class_list":["post-12456","post","type-post","status-publish","format-standard","hentry","category-sem-categoria"],"amp_enabled":true,"_links":{"self":[{"href":"https:\/\/superinteressantes.com.br\/index.php\/wp-json\/wp\/v2\/posts\/12456","targetHints":{"allow":["GET"]}}],"collection":[{"href":"https:\/\/superinteressantes.com.br\/index.php\/wp-json\/wp\/v2\/posts"}],"about":[{"href":"https:\/\/superinteressantes.com.br\/index.php\/wp-json\/wp\/v2\/types\/post"}],"author":[{"embeddable":true,"href":"https:\/\/superinteressantes.com.br\/index.php\/wp-json\/wp\/v2\/users\/1"}],"replies":[{"embeddable":true,"href":"https:\/\/superinteressantes.com.br\/index.php\/wp-json\/wp\/v2\/comments?post=12456"}],"version-history":[{"count":0,"href":"https:\/\/superinteressantes.com.br\/index.php\/wp-json\/wp\/v2\/posts\/12456\/revisions"}],"wp:attachment":[{"href":"https:\/\/superinteressantes.com.br\/index.php\/wp-json\/wp\/v2\/media?parent=12456"}],"wp:term":[{"taxonomy":"category","embeddable":true,"href":"https:\/\/superinteressantes.com.br\/index.php\/wp-json\/wp\/v2\/categories?post=12456"},{"taxonomy":"post_tag","embeddable":true,"href":"https:\/\/superinteressantes.com.br\/index.php\/wp-json\/wp\/v2\/tags?post=12456"}],"curies":[{"name":"wp","href":"https:\/\/api.w.org\/{rel}","templated":true}]}}