{"id":12455,"date":"2024-06-02T17:35:21","date_gmt":"2024-06-02T20:35:21","guid":{"rendered":"https:\/\/superinteressantes.com.br\/index.php\/2024\/06\/02\/prefeitura-apresenta-plano-de-revitalizacao-do-largo-do-rio-da-prata-em-campo-grande-onde-funciona-polo-gastronomico-prefeitura-da-cidade-do-rio-de-janeiro\/"},"modified":"2024-06-02T17:35:21","modified_gmt":"2024-06-02T20:35:21","slug":"prefeitura-apresenta-plano-de-revitalizacao-do-largo-do-rio-da-prata-em-campo-grande-onde-funciona-polo-gastronomico-prefeitura-da-cidade-do-rio-de-janeiro","status":"publish","type":"post","link":"https:\/\/superinteressantes.com.br\/index.php\/2024\/06\/02\/prefeitura-apresenta-plano-de-revitalizacao-do-largo-do-rio-da-prata-em-campo-grande-onde-funciona-polo-gastronomico-prefeitura-da-cidade-do-rio-de-janeiro\/","title":{"rendered":"Prefeitura apresenta plano de revitaliza\u00e7\u00e3o do Largo do Rio da Prata, em Campo Grande, onde funciona polo gastron\u00f4mico &#8211; Prefeitura da Cidade do Rio de Janeiro"},"content":{"rendered":"<p><\/p>\n<div id=\"main\">\n<div class=\"wrapper-breadcrumbs\" wp_automatic_readability=\"67.075381679389\">\n<div class=\"image-post\" wp_automatic_readability=\"32\">\n                     Imagem de como ficar\u00e1 o Largo do Rio da Prata ap\u00f3s a revitaliza\u00e7\u00e3o &#8211; Reprodu\u00e7\u00e3o                  <\/div>\n<p>A Prefeitura do Rio apresentou, neste domingo (2\/6), o projeto para as obras de revitaliza\u00e7\u00e3o do Largo do Rio da Prata, em Campo Grande, na Zona Oeste. O objetivo \u00e9 revitalizar o espa\u00e7o na Estrada do Cabu\u00e7u, com a constru\u00e7\u00e3o de \u00e1reas de lazer e conviv\u00eancia, e melhorar o polo gastron\u00f4mico do local para fomentar a economia. O projeto \u00e9 da Empresa Municipal de Urbaniza\u00e7\u00e3o (Rio-Urbe) e ainda ser\u00e1 licitado para que, posteriormente, sejam iniciadas as obras or\u00e7adas em R$ 7,8 milh\u00f5es.<\/p>\n<blockquote wp_automatic_readability=\"15\">\n<p>\u2013 Esse \u00e9 um lugar especial. Tivemos uma reuni\u00e3o com a associa\u00e7\u00e3o comercial h\u00e1 um m\u00eas e um dos principais pleitos era que a Prefeitura constru\u00edsse um projeto para a regi\u00e3o do Rio da Prata. Vamos qualificar e urbanizar o local, consolidando o polo gastron\u00f4mico j\u00e1 existente \u2013 afirmou o prefeito Eduardo Paes, acompanhado da secret\u00e1ria de Infraestrutura, Jessick Trairi, do presidente da Rio-Urbe, Armando Queiroga, e do subprefeito da Zona Oeste, Diogo Borba.<\/p>\n<\/blockquote>\n<p>As obras de revitaliza\u00e7\u00e3o do Largo da Prata preveem a constru\u00e7\u00e3o de novas cal\u00e7adas em piso intertravado e concreto na Estrada do Cabu\u00e7u, novo pavimento nas vias de rolamento, travessias elevadas, bancos em concreto, balizadores e biciclet\u00e1rio. A \u00e1rea do polo gastron\u00f4mico tamb\u00e9m receber\u00e1 nova ilumina\u00e7\u00e3o p\u00fablica, equipamento de muscula\u00e7\u00e3o, p\u00f3rtico e mapa tur\u00edstico da regi\u00e3o.<\/p>\n<figure id=\"attachment_105895\" aria-describedby=\"caption-attachment-105895\" style=\"width: 1289px\" class=\"wp-caption aligncenter\"><figcaption id=\"caption-attachment-105895\" class=\"wp-caption-text\">Imagem de como ser\u00e1 a entrada do polo gastron\u00f4mico \u2013 Reprodu\u00e7\u00e3o<\/figcaption><\/figure>\n<p>\u00a0<\/p>\n<p>A Rio-Urbe far\u00e1, ainda, a reforma do Coreto e da Bica D\u2019\u00c1gua, bens tombados pela Prefeitura desde 1996, por constitu\u00edrem marcos da paisagem local, recebendo tamb\u00e9m novo paisagismo e sinaliza\u00e7\u00e3o vertical e horizontal. Mais de 12,3 mil metros quadrados de \u00e1rea p\u00fablica ser\u00e3o revitalizados.<\/p>\n<blockquote wp_automatic_readability=\"11\">\n<p>\u2013 A Prefeitura trouxe hoje essa proposta de revitalizar a pra\u00e7a do Rio da Prata. Essa reforma era um pedido aqui da regi\u00e3o. A Rio-Urbe trouxe seus profissionais e desenvolveu um projeto priorizando os pedestres. Vamos crescer as cal\u00e7adas, implementar baias de carga e descarga, colocar novos materiais na pra\u00e7a e biciclet\u00e1rio. Essa pra\u00e7a \u00e9 um lugar de encontros para atividades f\u00edsicas e sa\u00edda para caminhadas e pedaladas. O Rio da Prata \u00e9 uma regi\u00e3o buc\u00f3lica de Campo Grande. Vamos colocar um totem explicativo sobre as trilhas da regi\u00e3o, pois estamos ao lado do Maci\u00e7o da Pedra Branca \u2013 disse Armando Queiroga.<\/p>\n<\/blockquote>\n<p>Presidente da Associa\u00e7\u00e3o Empresarial de Campo Grande (AECG Rio), Samir Nehme comemorou a elabora\u00e7\u00e3o do projeto da Prefeitura e lembrou que o polo gastron\u00f4mico \u00e9 lei desde 2015.<\/p>\n<blockquote wp_automatic_readability=\"10\">\n<p>\u2013 A associa\u00e7\u00e3o est\u00e1 em Campo Grande h\u00e1 63 anos. Entendemos a import\u00e2ncia do Rio da Prata, vocacionado para o turismo ecol\u00f3gico e para a gastronomia. A Prefeitura nos presenteia com esse projeto, e uma vez implantado eu tenho certeza absoluta que vai entregar progresso e desenvolvimento econ\u00f4mico para a regi\u00e3o.<\/p>\n<\/blockquote>\n<p>Para o subprefeito da Zona Oeste, o projeto de revitaliza\u00e7\u00e3o do Largo do Rio da Prata tem tudo para transformar o local em um novo destino tur\u00edstico da cidade.<\/p>\n<blockquote wp_automatic_readability=\"9\">\n<p>\u2013 Tem muita gente que mora em Campo Grande e n\u00e3o conhece a regi\u00e3o do Rio da Prata. \u00c9 um local maravilhoso, o pessoal fica brincando que vai ser a nova Penedo. Tenho certeza que o projeto vai fazer o turismo ecol\u00f3gico aumentar e as pessoas v\u00e3o passar a conhecer mais o Rio da Prata \u2013 declarou Diogo Borba.<\/p>\n<\/blockquote>\n<p><strong>Outros dois polos gastron\u00f4micos j\u00e1 foram revitalizados para impulsionar a economia local<\/strong><\/p>\n<p>A Prefeitura, por meio da Rio-Urbe j\u00e1 realizou a constru\u00e7\u00e3o de dois polos gastron\u00f4micos na cidade para impulsionar a economia local. Tradicional espa\u00e7o bo\u00eamio de Iraj\u00e1, o Beco da Cirrose foi reinaugurado em fevereiro de 2023 ap\u00f3s obras de revitaliza\u00e7\u00e3o que custaram R$ 2,6 milh\u00f5es. J\u00e1 o Polo Gastron\u00f4mico do Batan foi entregue para os cariocas em mar\u00e7o deste ano. Os investimentos municipais somaram R$ 1,4 milh\u00e3o.<\/p>\n<p>             <!-- Compartilhe ---><\/p>\n<p>\t\t\t <!-- TAGS --><\/p>\n<section class=\"category-tags\">\n<div class=\"marcacao-category\">\n<article class=\"category-post\">\n<p>Categoria: <\/p>\n<\/article>\n<li>2 de junho de 2024<\/li><\/div>\n<article class=\"tags\">\n\t\t\t\t\tMarca\u00e7\u00f5es: Campo Grande Estrada do Cabu\u00e7u Largo do Rio da Prata Polo Gastron\u00f4mico Prefeitura do Rio reforma Revitaliza\u00e7\u00e3o Rio-Urbe<br \/><\/article>\n<\/section>\n<p>            <!-- Mais Not&iacute;cias --><\/p>\n<p>\t\t<!-- Conte&uacute;do SIDEBAR --><\/p><\/div>\n<\/p><\/div>\n","protected":false},"excerpt":{"rendered":"<p>Imagem de como ficar\u00e1 o Largo do Rio da Prata ap\u00f3s a revitaliza\u00e7\u00e3o &#8211; Reprodu\u00e7\u00e3o A Prefeitura do Rio apresentou, neste domingo (2\/6), o projeto para as obras de revitaliza\u00e7\u00e3o do Largo do Rio da Prata, em Campo Grande, na Zona Oeste. O objetivo \u00e9 revitalizar o espa\u00e7o na Estrada do Cabu\u00e7u, com a constru\u00e7\u00e3o &#8230; <a title=\"Prefeitura apresenta plano de revitaliza\u00e7\u00e3o do Largo do Rio da Prata, em Campo Grande, onde funciona polo gastron\u00f4mico &#8211; Prefeitura da Cidade do Rio de Janeiro\" class=\"read-more\" href=\"https:\/\/superinteressantes.com.br\/index.php\/2024\/06\/02\/prefeitura-apresenta-plano-de-revitalizacao-do-largo-do-rio-da-prata-em-campo-grande-onde-funciona-polo-gastronomico-prefeitura-da-cidade-do-rio-de-janeiro\/\" aria-label=\"More on Prefeitura apresenta plano de revitaliza\u00e7\u00e3o do Largo do Rio da Prata, em Campo Grande, onde funciona polo gastron\u00f4mico &#8211; Prefeitura da Cidade do Rio de Janeiro\">Ler mais<\/a><\/p>\n","protected":false},"author":1,"featured_media":0,"comment_status":"open","ping_status":"open","sticky":false,"template":"","format":"standard","meta":{"footnotes":""},"categories":[1],"tags":[],"class_list":["post-12455","post","type-post","status-publish","format-standard","hentry","category-sem-categoria"],"amp_enabled":true,"_links":{"self":[{"href":"https:\/\/superinteressantes.com.br\/index.php\/wp-json\/wp\/v2\/posts\/12455","targetHints":{"allow":["GET"]}}],"collection":[{"href":"https:\/\/superinteressantes.com.br\/index.php\/wp-json\/wp\/v2\/posts"}],"about":[{"href":"https:\/\/superinteressantes.com.br\/index.php\/wp-json\/wp\/v2\/types\/post"}],"author":[{"embeddable":true,"href":"https:\/\/superinteressantes.com.br\/index.php\/wp-json\/wp\/v2\/users\/1"}],"replies":[{"embeddable":true,"href":"https:\/\/superinteressantes.com.br\/index.php\/wp-json\/wp\/v2\/comments?post=12455"}],"version-history":[{"count":0,"href":"https:\/\/superinteressantes.com.br\/index.php\/wp-json\/wp\/v2\/posts\/12455\/revisions"}],"wp:attachment":[{"href":"https:\/\/superinteressantes.com.br\/index.php\/wp-json\/wp\/v2\/media?parent=12455"}],"wp:term":[{"taxonomy":"category","embeddable":true,"href":"https:\/\/superinteressantes.com.br\/index.php\/wp-json\/wp\/v2\/categories?post=12455"},{"taxonomy":"post_tag","embeddable":true,"href":"https:\/\/superinteressantes.com.br\/index.php\/wp-json\/wp\/v2\/tags?post=12455"}],"curies":[{"name":"wp","href":"https:\/\/api.w.org\/{rel}","templated":true}]}}